{"id":124750,"date":"2021-08-21T06:40:08","date_gmt":"2021-08-21T10:40:08","guid":{"rendered":"https:\/\/linitiative.ca\/International\/les-discours-de-haine-enflamment-dangereusement-sur-les-reseaux-sociaux-halte-a-la-fitna\/"},"modified":"2021-08-21T06:40:08","modified_gmt":"2021-08-21T10:40:08","slug":"les-discours-de-haine-enflamment-dangereusement-sur-les-reseaux-sociaux-halte-a-la-fitna","status":"publish","type":"post","link":"https:\/\/linitiative.ca\/International\/les-discours-de-haine-enflamment-dangereusement-sur-les-reseaux-sociaux-halte-a-la-fitna\/","title":{"rendered":"Les discours de haine enflamment dangereusement sur les r\u00e9seaux sociaux : Halte \u00e0 la fitna !"},"content":{"rendered":"<div>\n<div class=\"sriret\"><img loading=\"lazy\" decoding=\"async\" width=\"600\" height=\"300\" src=\"https:\/\/linitiative.ca\/International\/wp-content\/uploads\/sites\/23\/2021\/08\/mobile.png\" class=\"attachment-featured_large size-featured_large wp-post-image\" alt=\"\" style=\"margin-bottom: 15px;\" srcset=\"https:\/\/linitiative.ca\/International\/wp-content\/uploads\/sites\/23\/2021\/08\/mobile.png 600w, https:\/\/www.elwatan.com\/wp-content\/uploads\/2020\/01\/mobile-300x150.png 300w\" sizes=\"auto, (max-width: 600px) 100vw, 600px\"><\/div>\n<p>Vous l\u2019avez sans doute constat\u00e9\u00a0: il r\u00e8gne un climat toxique sur les r\u00e9seaux sociaux en ce moment. Un climat pourri. Irrespirable. Comme l\u2019atmosph\u00e8re jonch\u00e9e de cendres et de braises produites par ces incendies ravageurs dont les images cr\u00e9pitent encore dans nos t\u00eates.<\/p>\n<p>Un climat toxique, oui, avec tous ces messages violents, ces vid\u00e9os aux relents racistes qui circulent sur Facebook et d\u2019autres plateformes digitales. Malgr\u00e9 les appels \u00e0 la retenue, malgr\u00e9 les appels \u00e0 l\u2019unit\u00e9, \u00e0 resserrer les rangs, \u00e0 commencer par ceux de l\u2019exemplaire Noureddine Bensma\u00efl, le papa de Djamel \u2013 Allah yerrahmou \u2013 qui n\u2019a eu de cesse de r\u00e9p\u00e9ter : \u00abLekbayel khaouetna\u00bb (Les Kabyles sont nos fr\u00e8res) ; malgr\u00e9 les convois solidaires, les sc\u00e8nes de fraternisation et de communion au pied d\u2019oliviers carbonis\u00e9s, portant secours et sourires \u00e0 des villageois d\u00e9vast\u00e9s, les r\u00e9seaux sociaux continuent \u00e0 bouillonner sous le feu des impr\u00e9cations haineuses et des posts fielleux l\u00e2ch\u00e9s par des pyromanes d\u2019un autre genre.<\/p>\n<p>*Retrouvez l\u2019int\u00e9gralit\u00e9 de nos articles sur la version papier<\/p>\n<p>L\u2019article <a rel=\"nofollow\" href=\"https:\/\/www.elwatan.com\/a-la-une\/les-discours-de-haine-enflamment-dangereusement-sur-les-reseaux-sociaux-halte-a-la-fitna-21-08-2021\">Les discours de haine enflamment dangereusement sur les r\u00e9seaux sociaux : Halte \u00e0 la fitna !<\/a> est apparu en premier sur <a rel=\"nofollow\" href=\"https:\/\/www.elwatan.com\/\">El Watan<\/a>.<\/p>\n<\/div>\n<p>Auteur: Hicham Chouadria<br \/>\n<a href=\"https:\/\/www.elwatan.com\/a-la-une\/les-discours-de-haine-enflamment-dangereusement-sur-les-reseaux-sociaux-halte-a-la-fitna-21-08-2021\">Cliquez ici pour lire l&rsquo;article depuis sa source.<\/a><\/p>\n","protected":false},"excerpt":{"rendered":"<p>Vous l\u2019avez sans doute constat\u00e9\u00a0: il r\u00e8gne un climat toxique sur les r\u00e9seaux sociaux en ce moment. Un climat pourri. Irrespirable. Comme l\u2019atmosph\u00e8re jonch\u00e9e de cendres et de braises produites par ces incendies ravageurs dont les images cr\u00e9pitent encore dans nos t\u00eates. Un climat toxique, oui, avec tous ces messages violents, ces vid\u00e9os aux relents [&hellip;]<\/p>\n","protected":false},"author":1743,"featured_media":0,"comment_status":"closed","ping_status":"closed","sticky":false,"template":"","format":"standard","meta":{"fifu_image_url":"https:\/\/www.elwatan.com\/wp-content\/uploads\/2020\/01\/mobile.png","fifu_image_alt":"Les discours de haine enflamment dangereusement sur les r\u00e9seaux sociaux : Halte \u00e0 la fitna !","footnotes":""},"categories":[73,53],"tags":[],"class_list":["post-124750","post","type-post","status-publish","format-standard","hentry","category-actualite","category-algerie"],"_links":{"self":[{"href":"https:\/\/linitiative.ca\/International\/wp-json\/wp\/v2\/posts\/124750","targetHints":{"allow":["GET"]}}],"collection":[{"href":"https:\/\/linitiative.ca\/International\/wp-json\/wp\/v2\/posts"}],"about":[{"href":"https:\/\/linitiative.ca\/International\/wp-json\/wp\/v2\/types\/post"}],"author":[{"embeddable":true,"href":"https:\/\/linitiative.ca\/International\/wp-json\/wp\/v2\/users\/1743"}],"replies":[{"embeddable":true,"href":"https:\/\/linitiative.ca\/International\/wp-json\/wp\/v2\/comments?post=124750"}],"version-history":[{"count":0,"href":"https:\/\/linitiative.ca\/International\/wp-json\/wp\/v2\/posts\/124750\/revisions"}],"wp:attachment":[{"href":"https:\/\/linitiative.ca\/International\/wp-json\/wp\/v2\/media?parent=124750"}],"wp:term":[{"taxonomy":"category","embeddable":true,"href":"https:\/\/linitiative.ca\/International\/wp-json\/wp\/v2\/categories?post=124750"},{"taxonomy":"post_tag","embeddable":true,"href":"https:\/\/linitiative.ca\/International\/wp-json\/wp\/v2\/tags?post=124750"}],"curies":[{"name":"wp","href":"https:\/\/api.w.org\/{rel}","templated":true}]}}