{"id":124754,"date":"2021-08-21T04:00:00","date_gmt":"2021-08-21T08:00:00","guid":{"rendered":"https:\/\/linitiative.ca\/International\/tunisie-loi-sur-la-relance-economique-crise-de-confiance-crise-de-conscience-crise-de-croissance\/"},"modified":"2021-08-21T04:00:00","modified_gmt":"2021-08-21T08:00:00","slug":"tunisie-loi-sur-la-relance-economique-crise-de-confiance-crise-de-conscience-crise-de-croissance","status":"publish","type":"post","link":"https:\/\/linitiative.ca\/International\/tunisie-loi-sur-la-relance-economique-crise-de-confiance-crise-de-conscience-crise-de-croissance\/","title":{"rendered":"Tunisie &#8211; Loi sur la relance \u00e9conomique: Crise de confiance, crise de conscience, crise de croissance"},"content":{"rendered":"<div><img decoding=\"async\" src=\"https:\/\/linitiative.ca\/International\/wp-content\/uploads\/sites\/23\/2021\/08\/1629470041_article.jpg\" alt=\"Tunisie - Loi sur la relance \u00e9conomique: Crise de confiance, crise de conscience, crise de croissance \" align=\"left\">Par Mohamed Derbel &#8211; Vive controverse ! La Banque centrale de Tunisie, r\u00e9put\u00e9e pour sa discr\u00e9tion, est publiquement mont\u00e9e au cr\u00e9neau. A peine vot\u00e9e par l\u2019Assembl\u00e9e des repr\u00e9sentants du peuple, le 12 juillet dernier, le projet de loi n\u00b0 104 de 2020 relative \u00e0 la relance de l\u2019\u00e9conomie et la r\u00e9gularisation des infractions de change est l\u2019objet de nombreux recours en inconstitutionnalit\u00e9. Des appels sont lanc\u00e9s au pr\u00e9sident de la R\u00e9publique pour ne pas la promulguer. Que lui reproche-t-on ? Pour la Banque centrale, \u00abce projet impacte directement les principes et les m\u00e9canismes d\u2019action de la BCT ainsi que la r\u00e9alisation des objectifs dont elle est directement &#8230;<\/p>\n<\/div>\n<p>Auteur:<br \/>\n<a href=\"https:\/\/www.leaders.com.tn\/article\/32310-tunisie-loi-sur-la-relance-economique-crise-de-confiance-crise-de-conscience-crise-de-croissance\">Cliquez ici pour lire l&rsquo;article depuis sa source.<\/a><\/p>\n","protected":false},"excerpt":{"rendered":"<p>Par Mohamed Derbel &#8211; Vive controverse ! La Banque centrale de Tunisie, r\u00e9put\u00e9e pour sa discr\u00e9tion, est publiquement mont\u00e9e au cr\u00e9neau. A peine vot\u00e9e par l\u2019Assembl\u00e9e des repr\u00e9sentants du peuple, le 12 juillet dernier, le projet de loi n\u00b0 104 de 2020 relative \u00e0 la relance de l\u2019\u00e9conomie et la r\u00e9gularisation des infractions de change [&hellip;]<\/p>\n","protected":false},"author":1772,"featured_media":0,"comment_status":"closed","ping_status":"closed","sticky":false,"template":"","format":"standard","meta":{"fifu_image_url":"http:\/\/www.leaders.com.tn\/uploads\/content\/thumbnails_small\/1629470041_article.jpg","fifu_image_alt":"Tunisie - Loi sur la relance \u00e9conomique: Crise de confiance, crise de conscience, crise de croissance","footnotes":""},"categories":[73,55],"tags":[],"class_list":["post-124754","post","type-post","status-publish","format-standard","hentry","category-actualite","category-tunisie"],"_links":{"self":[{"href":"https:\/\/linitiative.ca\/International\/wp-json\/wp\/v2\/posts\/124754","targetHints":{"allow":["GET"]}}],"collection":[{"href":"https:\/\/linitiative.ca\/International\/wp-json\/wp\/v2\/posts"}],"about":[{"href":"https:\/\/linitiative.ca\/International\/wp-json\/wp\/v2\/types\/post"}],"author":[{"embeddable":true,"href":"https:\/\/linitiative.ca\/International\/wp-json\/wp\/v2\/users\/1772"}],"replies":[{"embeddable":true,"href":"https:\/\/linitiative.ca\/International\/wp-json\/wp\/v2\/comments?post=124754"}],"version-history":[{"count":0,"href":"https:\/\/linitiative.ca\/International\/wp-json\/wp\/v2\/posts\/124754\/revisions"}],"wp:attachment":[{"href":"https:\/\/linitiative.ca\/International\/wp-json\/wp\/v2\/media?parent=124754"}],"wp:term":[{"taxonomy":"category","embeddable":true,"href":"https:\/\/linitiative.ca\/International\/wp-json\/wp\/v2\/categories?post=124754"},{"taxonomy":"post_tag","embeddable":true,"href":"https:\/\/linitiative.ca\/International\/wp-json\/wp\/v2\/tags?post=124754"}],"curies":[{"name":"wp","href":"https:\/\/api.w.org\/{rel}","templated":true}]}}