{"id":124763,"date":"2021-08-20T18:16:44","date_gmt":"2021-08-20T22:16:44","guid":{"rendered":"https:\/\/linitiative.ca\/International\/revolution-du-roi-et-du-peuple-ce-quil-faut-retenir-du-discours-royal\/"},"modified":"2021-08-20T18:16:44","modified_gmt":"2021-08-20T22:16:44","slug":"revolution-du-roi-et-du-peuple-ce-quil-faut-retenir-du-discours-royal","status":"publish","type":"post","link":"https:\/\/linitiative.ca\/International\/revolution-du-roi-et-du-peuple-ce-quil-faut-retenir-du-discours-royal\/","title":{"rendered":"R\u00e9volution du Roi et du Peuple : ce qu\u2019il faut retenir du discours royal"},"content":{"rendered":"<div><img decoding=\"async\" width=\"630\" height=\"413\" src=\"https:\/\/linitiative.ca\/International\/wp-content\/uploads\/sites\/23\/2021\/08\/mohamed-1.jpg\" class=\"attachment-post-thumbnail size-post-thumbnail wp-post-image\" alt=\"\" loading=\"lazy\" srcset=\"https:\/\/linitiative.ca\/International\/wp-content\/uploads\/sites\/23\/2021\/08\/mohamed-1.jpg 630w, https:\/\/www.challenge.ma\/wp-content\/uploads\/2021\/08\/mohamed-1-300x197.jpg 300w, https:\/\/www.challenge.ma\/wp-content\/uploads\/2021\/08\/mohamed-1-360x236.jpg 360w\" sizes=\"auto, (max-width: 630px) 100vw, 630px\" itemprop=\"image\">A l\u2019occasion du 68e anniversaire de la r\u00e9volution du roi et du peuple, le Roi Mohammed VI a adress\u00e9 ce vendredi soir un discours \u00e0 la nation. Le Roi Mohammed VI pr\u00e9voit un d\u00e9gel des relations avec l\u2019Espagne dans son discours annuel \u00e0 l\u2019occasion de la f\u00eate de la R\u00e9volution.<\/div>\n<p>Auteur: challenge<br \/>\n<a href=\"https:\/\/www.challenge.ma\/revolution-du-roi-et-du-peuple-ce-quil-faut-retenir-du-discours-royal-196181\/\">Cliquez ici pour lire l&rsquo;article depuis sa source.<\/a><\/p>\n","protected":false},"excerpt":{"rendered":"<p>A l\u2019occasion du 68e anniversaire de la r\u00e9volution du roi et du peuple, le Roi Mohammed VI a adress\u00e9 ce vendredi soir un discours \u00e0 la nation. Le Roi Mohammed VI pr\u00e9voit un d\u00e9gel des relations avec l\u2019Espagne dans son discours annuel \u00e0 l\u2019occasion de la f\u00eate de la R\u00e9volution. Auteur: challenge Cliquez ici pour [&hellip;]<\/p>\n","protected":false},"author":1787,"featured_media":0,"comment_status":"closed","ping_status":"closed","sticky":false,"template":"","format":"standard","meta":{"fifu_image_url":"https:\/\/www.challenge.ma\/wp-content\/uploads\/2021\/08\/mohamed-1.jpg","fifu_image_alt":"R\u00e9volution du Roi et du Peuple : ce qu\u2019il faut retenir du discours royal","footnotes":""},"categories":[78,54],"tags":[],"class_list":["post-124763","post","type-post","status-publish","format-standard","hentry","category-economie","category-maroc"],"_links":{"self":[{"href":"https:\/\/linitiative.ca\/International\/wp-json\/wp\/v2\/posts\/124763","targetHints":{"allow":["GET"]}}],"collection":[{"href":"https:\/\/linitiative.ca\/International\/wp-json\/wp\/v2\/posts"}],"about":[{"href":"https:\/\/linitiative.ca\/International\/wp-json\/wp\/v2\/types\/post"}],"author":[{"embeddable":true,"href":"https:\/\/linitiative.ca\/International\/wp-json\/wp\/v2\/users\/1787"}],"replies":[{"embeddable":true,"href":"https:\/\/linitiative.ca\/International\/wp-json\/wp\/v2\/comments?post=124763"}],"version-history":[{"count":0,"href":"https:\/\/linitiative.ca\/International\/wp-json\/wp\/v2\/posts\/124763\/revisions"}],"wp:attachment":[{"href":"https:\/\/linitiative.ca\/International\/wp-json\/wp\/v2\/media?parent=124763"}],"wp:term":[{"taxonomy":"category","embeddable":true,"href":"https:\/\/linitiative.ca\/International\/wp-json\/wp\/v2\/categories?post=124763"},{"taxonomy":"post_tag","embeddable":true,"href":"https:\/\/linitiative.ca\/International\/wp-json\/wp\/v2\/tags?post=124763"}],"curies":[{"name":"wp","href":"https:\/\/api.w.org\/{rel}","templated":true}]}}