{"id":124765,"date":"2021-08-21T06:18:36","date_gmt":"2021-08-21T10:18:36","guid":{"rendered":"https:\/\/linitiative.ca\/International\/regionalisation-un-nouveau-pas-en-avant\/"},"modified":"2021-08-21T06:18:36","modified_gmt":"2021-08-21T10:18:36","slug":"regionalisation-un-nouveau-pas-en-avant","status":"publish","type":"post","link":"https:\/\/linitiative.ca\/International\/regionalisation-un-nouveau-pas-en-avant\/","title":{"rendered":"R\u00e9gionalisation. Un nouveau pas en avant"},"content":{"rendered":"<div><img decoding=\"async\" width=\"700\" height=\"686\" src=\"https:\/\/linitiative.ca\/International\/wp-content\/uploads\/sites\/23\/2021\/08\/Photo-Messaoudi-regionalisation.jpg\" class=\"attachment-post-thumbnail size-post-thumbnail wp-post-image\" alt=\"\" loading=\"lazy\" srcset=\"https:\/\/linitiative.ca\/International\/wp-content\/uploads\/sites\/23\/2021\/08\/Photo-Messaoudi-regionalisation.jpg 700w, https:\/\/www.challenge.ma\/wp-content\/uploads\/2021\/08\/Photo-Messaoudi-regionalisation-300x294.jpg 300w, https:\/\/www.challenge.ma\/wp-content\/uploads\/2021\/08\/Photo-Messaoudi-regionalisation-360x353.jpg 360w, https:\/\/www.challenge.ma\/wp-content\/uploads\/2021\/08\/Photo-Messaoudi-regionalisation-60x60.jpg 60w\" sizes=\"auto, (max-width: 700px) 100vw, 700px\" itemprop=\"image\">La qualit\u00e9 des services publics refl\u00e8te principalement la qualit\u00e9 des ressources humaines de l\u2019administration qui les emploie, en termes de qualification et de comp\u00e9tences. Comment attirer des profils dynamiques, comp\u00e9tents et int\u00e8gres au sein de l\u2019administration r\u00e9gionale\u00a0? C\u2019est \u00e0 ce d\u00e9fi que le projet de d\u00e9cret relatif \u00e0 la nomination<\/div>\n<p>Auteur: Mohamed Amine<br \/>\n<a href=\"https:\/\/www.challenge.ma\/regionalisation-un-nouveau-pas-en-avant-196231\/\">Cliquez ici pour lire l&rsquo;article depuis sa source.<\/a><\/p>\n","protected":false},"excerpt":{"rendered":"<p>La qualit\u00e9 des services publics refl\u00e8te principalement la qualit\u00e9 des ressources humaines de l\u2019administration qui les emploie, en termes de qualification et de comp\u00e9tences. Comment attirer des profils dynamiques, comp\u00e9tents et int\u00e8gres au sein de l\u2019administration r\u00e9gionale\u00a0? C\u2019est \u00e0 ce d\u00e9fi que le projet de d\u00e9cret relatif \u00e0 la nomination Auteur: Mohamed Amine Cliquez ici [&hellip;]<\/p>\n","protected":false},"author":1787,"featured_media":0,"comment_status":"closed","ping_status":"closed","sticky":false,"template":"","format":"standard","meta":{"fifu_image_url":"https:\/\/www.challenge.ma\/wp-content\/uploads\/2021\/08\/Photo-Messaoudi-regionalisation.jpg","fifu_image_alt":"R\u00e9gionalisation. Un nouveau pas en avant","footnotes":""},"categories":[78,54],"tags":[],"class_list":["post-124765","post","type-post","status-publish","format-standard","hentry","category-economie","category-maroc"],"_links":{"self":[{"href":"https:\/\/linitiative.ca\/International\/wp-json\/wp\/v2\/posts\/124765","targetHints":{"allow":["GET"]}}],"collection":[{"href":"https:\/\/linitiative.ca\/International\/wp-json\/wp\/v2\/posts"}],"about":[{"href":"https:\/\/linitiative.ca\/International\/wp-json\/wp\/v2\/types\/post"}],"author":[{"embeddable":true,"href":"https:\/\/linitiative.ca\/International\/wp-json\/wp\/v2\/users\/1787"}],"replies":[{"embeddable":true,"href":"https:\/\/linitiative.ca\/International\/wp-json\/wp\/v2\/comments?post=124765"}],"version-history":[{"count":0,"href":"https:\/\/linitiative.ca\/International\/wp-json\/wp\/v2\/posts\/124765\/revisions"}],"wp:attachment":[{"href":"https:\/\/linitiative.ca\/International\/wp-json\/wp\/v2\/media?parent=124765"}],"wp:term":[{"taxonomy":"category","embeddable":true,"href":"https:\/\/linitiative.ca\/International\/wp-json\/wp\/v2\/categories?post=124765"},{"taxonomy":"post_tag","embeddable":true,"href":"https:\/\/linitiative.ca\/International\/wp-json\/wp\/v2\/tags?post=124765"}],"curies":[{"name":"wp","href":"https:\/\/api.w.org\/{rel}","templated":true}]}}