{"id":124767,"date":"2021-08-21T08:01:48","date_gmt":"2021-08-21T12:01:48","guid":{"rendered":"https:\/\/linitiative.ca\/International\/discours-royal-du-20-aout-la-voie-du-realisme-et-de-la-sagesse\/"},"modified":"2021-08-21T08:01:48","modified_gmt":"2021-08-21T12:01:48","slug":"discours-royal-du-20-aout-la-voie-du-realisme-et-de-la-sagesse","status":"publish","type":"post","link":"https:\/\/linitiative.ca\/International\/discours-royal-du-20-aout-la-voie-du-realisme-et-de-la-sagesse\/","title":{"rendered":"Discours Royal du 20 ao\u00fbt. La voie du r\u00e9alisme et de la sagesse"},"content":{"rendered":"<div><img decoding=\"async\" width=\"1089\" height=\"575\" src=\"https:\/\/linitiative.ca\/International\/wp-content\/uploads\/sites\/23\/2021\/08\/SM-Le-Roi-Mohammed-VI-Mohamed-Amine-1.jpg\" class=\"attachment-post-thumbnail size-post-thumbnail wp-post-image\" alt=\"\" loading=\"lazy\" srcset=\"https:\/\/linitiative.ca\/International\/wp-content\/uploads\/sites\/23\/2021\/08\/SM-Le-Roi-Mohammed-VI-Mohamed-Amine-1.jpg 1089w, https:\/\/www.challenge.ma\/wp-content\/uploads\/2021\/08\/SM-Le-Roi-Mohammed-VI-Mohamed-Amine-1-300x158.jpg 300w, https:\/\/www.challenge.ma\/wp-content\/uploads\/2021\/08\/SM-Le-Roi-Mohammed-VI-Mohamed-Amine-1-1024x541.jpg 1024w, https:\/\/www.challenge.ma\/wp-content\/uploads\/2021\/08\/SM-Le-Roi-Mohammed-VI-Mohamed-Amine-1-768x406.jpg 768w, https:\/\/www.challenge.ma\/wp-content\/uploads\/2021\/08\/SM-Le-Roi-Mohammed-VI-Mohamed-Amine-1-360x190.jpg 360w, https:\/\/www.challenge.ma\/wp-content\/uploads\/2021\/08\/SM-Le-Roi-Mohammed-VI-Mohamed-Amine-1-750x396.jpg 750w\" sizes=\"auto, (max-width: 1089px) 100vw, 1089px\" itemprop=\"image\">A travers le discours Royal adress\u00e9 \u00e0 la Nation \u00e0 l\u2019occasion du 68\u00e8me anniversaire de la R\u00e9volution du Roi et du Peuple, le Souverain a exprim\u00e9 une constance ind\u00e9fectible dans la d\u00e9fense des choix de d\u00e9veloppement et des int\u00e9r\u00eats sup\u00e9rieurs de la Nation. La \u00abR\u00e9volution du Roi et du Peuple\u00bb<\/div>\n<p>Auteur: Mohamed Amine<br \/>\n<a href=\"https:\/\/www.challenge.ma\/discours-royal-du-20-aout-la-voie-du-realisme-et-de-la-sagesse-196238\/\">Cliquez ici pour lire l&rsquo;article depuis sa source.<\/a><\/p>\n","protected":false},"excerpt":{"rendered":"<p>A travers le discours Royal adress\u00e9 \u00e0 la Nation \u00e0 l\u2019occasion du 68\u00e8me anniversaire de la R\u00e9volution du Roi et du Peuple, le Souverain a exprim\u00e9 une constance ind\u00e9fectible dans la d\u00e9fense des choix de d\u00e9veloppement et des int\u00e9r\u00eats sup\u00e9rieurs de la Nation. La \u00abR\u00e9volution du Roi et du Peuple\u00bb Auteur: Mohamed Amine Cliquez ici [&hellip;]<\/p>\n","protected":false},"author":1787,"featured_media":0,"comment_status":"closed","ping_status":"closed","sticky":false,"template":"","format":"standard","meta":{"fifu_image_url":"https:\/\/www.challenge.ma\/wp-content\/uploads\/2021\/08\/SM-Le-Roi-Mohammed-VI-Mohamed-Amine-1.jpg","fifu_image_alt":"Discours Royal du 20 ao\u00fbt. La voie du r\u00e9alisme et de la sagesse","footnotes":""},"categories":[78,54],"tags":[],"class_list":["post-124767","post","type-post","status-publish","format-standard","hentry","category-economie","category-maroc"],"_links":{"self":[{"href":"https:\/\/linitiative.ca\/International\/wp-json\/wp\/v2\/posts\/124767","targetHints":{"allow":["GET"]}}],"collection":[{"href":"https:\/\/linitiative.ca\/International\/wp-json\/wp\/v2\/posts"}],"about":[{"href":"https:\/\/linitiative.ca\/International\/wp-json\/wp\/v2\/types\/post"}],"author":[{"embeddable":true,"href":"https:\/\/linitiative.ca\/International\/wp-json\/wp\/v2\/users\/1787"}],"replies":[{"embeddable":true,"href":"https:\/\/linitiative.ca\/International\/wp-json\/wp\/v2\/comments?post=124767"}],"version-history":[{"count":0,"href":"https:\/\/linitiative.ca\/International\/wp-json\/wp\/v2\/posts\/124767\/revisions"}],"wp:attachment":[{"href":"https:\/\/linitiative.ca\/International\/wp-json\/wp\/v2\/media?parent=124767"}],"wp:term":[{"taxonomy":"category","embeddable":true,"href":"https:\/\/linitiative.ca\/International\/wp-json\/wp\/v2\/categories?post=124767"},{"taxonomy":"post_tag","embeddable":true,"href":"https:\/\/linitiative.ca\/International\/wp-json\/wp\/v2\/tags?post=124767"}],"curies":[{"name":"wp","href":"https:\/\/api.w.org\/{rel}","templated":true}]}}