{"id":124771,"date":"2021-08-21T14:31:43","date_gmt":"2021-08-21T18:31:43","guid":{"rendered":"https:\/\/linitiative.ca\/International\/tunisie-les-details-de-larrestation-du-depute-gele-lotfi-ali\/"},"modified":"2021-08-21T14:31:43","modified_gmt":"2021-08-21T18:31:43","slug":"tunisie-les-details-de-larrestation-du-depute-gele-lotfi-ali","status":"publish","type":"post","link":"https:\/\/linitiative.ca\/International\/tunisie-les-details-de-larrestation-du-depute-gele-lotfi-ali\/","title":{"rendered":"Tunisie \u2013 Les d\u00e9tails de l\u2019arrestation du d\u00e9put\u00e9 gel\u00e9 Lotfi Ali"},"content":{"rendered":"<div>\n<p>Le porte parole de la garde nationale, Houcem Jbebli, a annonc\u00e9 que le d\u00e9put\u00e9 gel\u00e9, Lotfi Ali, qui \u00e9tait en fuite et faisait l\u2019objet de trois mandats d\u2019amener aupr\u00e8s de la brigade de recherches de la garde nationale, a \u00e9t\u00e9 retrouv\u00e9 suite \u00e0 un fin travail de renseignements. Il se cachait, en compagnie de sa [\u2026]<\/p>\n<p>L\u2019article <a href=\"https:\/\/www.tunisienumerique.com\/tunisie-les-details-de-larrestation-du-depute-gele-lotfi-ali\/\">Tunisie \u2013 Les d\u00e9tails de l\u2019arrestation du d\u00e9put\u00e9 gel\u00e9 Lotfi Ali<\/a> est apparu en premier sur <a href=\"https:\/\/www.tunisienumerique.com\/\">Tunisie<\/a>.<\/p>\n<\/div>\n<p>Auteur: LM<br \/>\n<a href=\"https:\/\/www.tunisienumerique.com\/tunisie-les-details-de-larrestation-du-depute-gele-lotfi-ali\/\">Cliquez ici pour lire l&rsquo;article depuis sa source.<\/a><\/p>\n","protected":false},"excerpt":{"rendered":"<p>Le porte parole de la garde nationale, Houcem Jbebli, a annonc\u00e9 que le d\u00e9put\u00e9 gel\u00e9, Lotfi Ali, qui \u00e9tait en fuite et faisait l\u2019objet de trois mandats d\u2019amener aupr\u00e8s de la brigade de recherches de la garde nationale, a \u00e9t\u00e9 retrouv\u00e9 suite \u00e0 un fin travail de renseignements. Il se cachait, en compagnie de sa [&hellip;]<\/p>\n","protected":false},"author":1789,"featured_media":0,"comment_status":"closed","ping_status":"closed","sticky":false,"template":"","format":"standard","meta":{"fifu_image_url":"","fifu_image_alt":"","footnotes":""},"categories":[73,55],"tags":[],"class_list":["post-124771","post","type-post","status-publish","format-standard","hentry","category-actualite","category-tunisie"],"_links":{"self":[{"href":"https:\/\/linitiative.ca\/International\/wp-json\/wp\/v2\/posts\/124771","targetHints":{"allow":["GET"]}}],"collection":[{"href":"https:\/\/linitiative.ca\/International\/wp-json\/wp\/v2\/posts"}],"about":[{"href":"https:\/\/linitiative.ca\/International\/wp-json\/wp\/v2\/types\/post"}],"author":[{"embeddable":true,"href":"https:\/\/linitiative.ca\/International\/wp-json\/wp\/v2\/users\/1789"}],"replies":[{"embeddable":true,"href":"https:\/\/linitiative.ca\/International\/wp-json\/wp\/v2\/comments?post=124771"}],"version-history":[{"count":0,"href":"https:\/\/linitiative.ca\/International\/wp-json\/wp\/v2\/posts\/124771\/revisions"}],"wp:attachment":[{"href":"https:\/\/linitiative.ca\/International\/wp-json\/wp\/v2\/media?parent=124771"}],"wp:term":[{"taxonomy":"category","embeddable":true,"href":"https:\/\/linitiative.ca\/International\/wp-json\/wp\/v2\/categories?post=124771"},{"taxonomy":"post_tag","embeddable":true,"href":"https:\/\/linitiative.ca\/International\/wp-json\/wp\/v2\/tags?post=124771"}],"curies":[{"name":"wp","href":"https:\/\/api.w.org\/{rel}","templated":true}]}}