{"id":124772,"date":"2021-08-21T14:48:06","date_gmt":"2021-08-21T18:48:06","guid":{"rendered":"https:\/\/linitiative.ca\/International\/beja-deux-deces-dans-un-accident-de-la-circulation-photos\/"},"modified":"2021-08-21T14:48:06","modified_gmt":"2021-08-21T18:48:06","slug":"beja-deux-deces-dans-un-accident-de-la-circulation-photos","status":"publish","type":"post","link":"https:\/\/linitiative.ca\/International\/beja-deux-deces-dans-un-accident-de-la-circulation-photos\/","title":{"rendered":"B\u00e9ja : Deux d\u00e9c\u00e8s dans un accident de la circulation [photos]"},"content":{"rendered":"<div>\n<p>Un accident de la circulation a eu lieu aujourd\u2019hui sur la route reliant B\u00e9ja et Nefza, engendrant la mort de deux personnes et la blessure de deux autres, selon la d\u00e9claration du Directeur R\u00e9gional de la Protection Civile, le Colonel-major Mounir Riabi, accord\u00e9e au correspondant de Tunisienumerique.<\/p>\n<p>L\u2019article <a href=\"https:\/\/www.tunisienumerique.com\/beja-deux-deces-dans-un-accident-de-la-circulation-photos\/\">B\u00e9ja : Deux d\u00e9c\u00e8s dans un accident de la circulation [photos]<\/a> est apparu en premier sur <a href=\"https:\/\/www.tunisienumerique.com\/\">Tunisie<\/a>.<\/p>\n<\/div>\n<p>Auteur: rania ben slimane<br \/>\n<a href=\"https:\/\/www.tunisienumerique.com\/beja-deux-deces-dans-un-accident-de-la-circulation-photos\/\">Cliquez ici pour lire l&rsquo;article depuis sa source.<\/a><\/p>\n","protected":false},"excerpt":{"rendered":"<p>Un accident de la circulation a eu lieu aujourd\u2019hui sur la route reliant B\u00e9ja et Nefza, engendrant la mort de deux personnes et la blessure de deux autres, selon la d\u00e9claration du Directeur R\u00e9gional de la Protection Civile, le Colonel-major Mounir Riabi, accord\u00e9e au correspondant de Tunisienumerique. L\u2019article B\u00e9ja : Deux d\u00e9c\u00e8s dans un accident [&hellip;]<\/p>\n","protected":false},"author":1789,"featured_media":0,"comment_status":"closed","ping_status":"closed","sticky":false,"template":"","format":"standard","meta":{"fifu_image_url":"","fifu_image_alt":"","footnotes":""},"categories":[73,55],"tags":[],"class_list":["post-124772","post","type-post","status-publish","format-standard","hentry","category-actualite","category-tunisie"],"_links":{"self":[{"href":"https:\/\/linitiative.ca\/International\/wp-json\/wp\/v2\/posts\/124772","targetHints":{"allow":["GET"]}}],"collection":[{"href":"https:\/\/linitiative.ca\/International\/wp-json\/wp\/v2\/posts"}],"about":[{"href":"https:\/\/linitiative.ca\/International\/wp-json\/wp\/v2\/types\/post"}],"author":[{"embeddable":true,"href":"https:\/\/linitiative.ca\/International\/wp-json\/wp\/v2\/users\/1789"}],"replies":[{"embeddable":true,"href":"https:\/\/linitiative.ca\/International\/wp-json\/wp\/v2\/comments?post=124772"}],"version-history":[{"count":0,"href":"https:\/\/linitiative.ca\/International\/wp-json\/wp\/v2\/posts\/124772\/revisions"}],"wp:attachment":[{"href":"https:\/\/linitiative.ca\/International\/wp-json\/wp\/v2\/media?parent=124772"}],"wp:term":[{"taxonomy":"category","embeddable":true,"href":"https:\/\/linitiative.ca\/International\/wp-json\/wp\/v2\/categories?post=124772"},{"taxonomy":"post_tag","embeddable":true,"href":"https:\/\/linitiative.ca\/International\/wp-json\/wp\/v2\/tags?post=124772"}],"curies":[{"name":"wp","href":"https:\/\/api.w.org\/{rel}","templated":true}]}}