{"id":124773,"date":"2021-08-21T15:02:44","date_gmt":"2021-08-21T19:02:44","guid":{"rendered":"https:\/\/linitiative.ca\/International\/tunisie-abdelaziz-essid-dement-avoir-declare-que-le-mufti-etait-poursuivi-pour-malversations-financieres\/"},"modified":"2021-08-21T15:02:44","modified_gmt":"2021-08-21T19:02:44","slug":"tunisie-abdelaziz-essid-dement-avoir-declare-que-le-mufti-etait-poursuivi-pour-malversations-financieres","status":"publish","type":"post","link":"https:\/\/linitiative.ca\/International\/tunisie-abdelaziz-essid-dement-avoir-declare-que-le-mufti-etait-poursuivi-pour-malversations-financieres\/","title":{"rendered":"Tunisie \u2013 Abdelaziz Essid d\u00e9ment avoir d\u00e9clar\u00e9 que le Mufti \u00e9tait poursuivi pour malversations financi\u00e8res"},"content":{"rendered":"<div>\n<p>L\u2019avocat Abdelaziz Essid qui avait \u00e9t\u00e9 cit\u00e9 par certains m\u00e9dias comme \u00e9tant la partie qui avait annonc\u00e9 la convocation du Mufti de la R\u00e9publique devant le p\u00f4le judiciaire financier pour malversations financi\u00e8res, concernant l\u2019organisation du Hajj en 2015, quand il \u00e9tait ministre des affaires religieuses, vient de d\u00e9mentir ces all\u00e9gations, assurant qu\u2019il n\u2019a fait aucune [\u2026]<\/p>\n<p>L\u2019article <a href=\"https:\/\/www.tunisienumerique.com\/tunisie-abdelaziz-essid-dement-avoir-declare-que-le-mufti-etait-poursuivi-pour-malversations-financieres\/\">Tunisie \u2013 Abdelaziz Essid d\u00e9ment avoir d\u00e9clar\u00e9 que le Mufti \u00e9tait poursuivi pour malversations financi\u00e8res<\/a> est apparu en premier sur <a href=\"https:\/\/www.tunisienumerique.com\/\">Tunisie<\/a>.<\/p>\n<\/div>\n<p>Auteur: LM<br \/>\n<a href=\"https:\/\/www.tunisienumerique.com\/tunisie-abdelaziz-essid-dement-avoir-declare-que-le-mufti-etait-poursuivi-pour-malversations-financieres\/\">Cliquez ici pour lire l&rsquo;article depuis sa source.<\/a><\/p>\n","protected":false},"excerpt":{"rendered":"<p>L\u2019avocat Abdelaziz Essid qui avait \u00e9t\u00e9 cit\u00e9 par certains m\u00e9dias comme \u00e9tant la partie qui avait annonc\u00e9 la convocation du Mufti de la R\u00e9publique devant le p\u00f4le judiciaire financier pour malversations financi\u00e8res, concernant l\u2019organisation du Hajj en 2015, quand il \u00e9tait ministre des affaires religieuses, vient de d\u00e9mentir ces all\u00e9gations, assurant qu\u2019il n\u2019a fait aucune [&hellip;]<\/p>\n","protected":false},"author":1789,"featured_media":0,"comment_status":"closed","ping_status":"closed","sticky":false,"template":"","format":"standard","meta":{"fifu_image_url":"","fifu_image_alt":"","footnotes":""},"categories":[73,55],"tags":[],"class_list":["post-124773","post","type-post","status-publish","format-standard","hentry","category-actualite","category-tunisie"],"_links":{"self":[{"href":"https:\/\/linitiative.ca\/International\/wp-json\/wp\/v2\/posts\/124773","targetHints":{"allow":["GET"]}}],"collection":[{"href":"https:\/\/linitiative.ca\/International\/wp-json\/wp\/v2\/posts"}],"about":[{"href":"https:\/\/linitiative.ca\/International\/wp-json\/wp\/v2\/types\/post"}],"author":[{"embeddable":true,"href":"https:\/\/linitiative.ca\/International\/wp-json\/wp\/v2\/users\/1789"}],"replies":[{"embeddable":true,"href":"https:\/\/linitiative.ca\/International\/wp-json\/wp\/v2\/comments?post=124773"}],"version-history":[{"count":0,"href":"https:\/\/linitiative.ca\/International\/wp-json\/wp\/v2\/posts\/124773\/revisions"}],"wp:attachment":[{"href":"https:\/\/linitiative.ca\/International\/wp-json\/wp\/v2\/media?parent=124773"}],"wp:term":[{"taxonomy":"category","embeddable":true,"href":"https:\/\/linitiative.ca\/International\/wp-json\/wp\/v2\/categories?post=124773"},{"taxonomy":"post_tag","embeddable":true,"href":"https:\/\/linitiative.ca\/International\/wp-json\/wp\/v2\/tags?post=124773"}],"curies":[{"name":"wp","href":"https:\/\/api.w.org\/{rel}","templated":true}]}}