{"id":124774,"date":"2021-08-21T16:16:19","date_gmt":"2021-08-21T20:16:19","guid":{"rendered":"https:\/\/linitiative.ca\/International\/arabie-saoudite-el-omra-arrivee-des-premiers-vols-des-pelerins-externes\/"},"modified":"2021-08-21T16:16:19","modified_gmt":"2021-08-21T20:16:19","slug":"arabie-saoudite-el-omra-arrivee-des-premiers-vols-des-pelerins-externes","status":"publish","type":"post","link":"https:\/\/linitiative.ca\/International\/arabie-saoudite-el-omra-arrivee-des-premiers-vols-des-pelerins-externes\/","title":{"rendered":"Arabie Saoudite- El Omra : Arriv\u00e9e des premiers vols des p\u00e8lerins externes"},"content":{"rendered":"<div>\n<p>Les premiers groupes de p\u00e8lerins de la Omra sont arriv\u00e9s \u00e0 l\u2019A\u00e9roport International Prince Muhammad Bin Abdulaziz \u00e0 M\u00e9dine, en Arabie saoudite, dans le cadre de l\u2019application de toutes les mesures de pr\u00e9caution contre la propagation du virus Corona. L\u2019agence de presse saoudienne a d\u00e9clar\u00e9 qu\u2019 \u201cun plan int\u00e9gr\u00e9 a \u00e9t\u00e9 pr\u00e9par\u00e9 pour fournir tous [\u2026]<\/p>\n<p>L\u2019article <a href=\"https:\/\/www.tunisienumerique.com\/arabie-saoudite-el-omra-arrivee-des-premiers-vols-des-pelerins-externes\/\">Arabie Saoudite- El Omra : Arriv\u00e9e des premiers vols des p\u00e8lerins externes<\/a> est apparu en premier sur <a href=\"https:\/\/www.tunisienumerique.com\/\">Tunisie<\/a>.<\/p>\n<\/div>\n<p>Auteur: rania ben slimane<br \/>\n<a href=\"https:\/\/www.tunisienumerique.com\/arabie-saoudite-el-omra-arrivee-des-premiers-vols-des-pelerins-externes\/\">Cliquez ici pour lire l&rsquo;article depuis sa source.<\/a><\/p>\n","protected":false},"excerpt":{"rendered":"<p>Les premiers groupes de p\u00e8lerins de la Omra sont arriv\u00e9s \u00e0 l\u2019A\u00e9roport International Prince Muhammad Bin Abdulaziz \u00e0 M\u00e9dine, en Arabie saoudite, dans le cadre de l\u2019application de toutes les mesures de pr\u00e9caution contre la propagation du virus Corona. L\u2019agence de presse saoudienne a d\u00e9clar\u00e9 qu\u2019 \u201cun plan int\u00e9gr\u00e9 a \u00e9t\u00e9 pr\u00e9par\u00e9 pour fournir tous [&hellip;]<\/p>\n","protected":false},"author":1789,"featured_media":0,"comment_status":"closed","ping_status":"closed","sticky":false,"template":"","format":"standard","meta":{"fifu_image_url":"","fifu_image_alt":"","footnotes":""},"categories":[73,55],"tags":[],"class_list":["post-124774","post","type-post","status-publish","format-standard","hentry","category-actualite","category-tunisie"],"_links":{"self":[{"href":"https:\/\/linitiative.ca\/International\/wp-json\/wp\/v2\/posts\/124774","targetHints":{"allow":["GET"]}}],"collection":[{"href":"https:\/\/linitiative.ca\/International\/wp-json\/wp\/v2\/posts"}],"about":[{"href":"https:\/\/linitiative.ca\/International\/wp-json\/wp\/v2\/types\/post"}],"author":[{"embeddable":true,"href":"https:\/\/linitiative.ca\/International\/wp-json\/wp\/v2\/users\/1789"}],"replies":[{"embeddable":true,"href":"https:\/\/linitiative.ca\/International\/wp-json\/wp\/v2\/comments?post=124774"}],"version-history":[{"count":0,"href":"https:\/\/linitiative.ca\/International\/wp-json\/wp\/v2\/posts\/124774\/revisions"}],"wp:attachment":[{"href":"https:\/\/linitiative.ca\/International\/wp-json\/wp\/v2\/media?parent=124774"}],"wp:term":[{"taxonomy":"category","embeddable":true,"href":"https:\/\/linitiative.ca\/International\/wp-json\/wp\/v2\/categories?post=124774"},{"taxonomy":"post_tag","embeddable":true,"href":"https:\/\/linitiative.ca\/International\/wp-json\/wp\/v2\/tags?post=124774"}],"curies":[{"name":"wp","href":"https:\/\/api.w.org\/{rel}","templated":true}]}}