{"id":124775,"date":"2021-08-21T17:09:33","date_gmt":"2021-08-21T21:09:33","guid":{"rendered":"https:\/\/linitiative.ca\/International\/tribunal-militaire-mandat-damener-contre-seifeddine-makhlouf\/"},"modified":"2021-08-21T17:09:33","modified_gmt":"2021-08-21T21:09:33","slug":"tribunal-militaire-mandat-damener-contre-seifeddine-makhlouf","status":"publish","type":"post","link":"https:\/\/linitiative.ca\/International\/tribunal-militaire-mandat-damener-contre-seifeddine-makhlouf\/","title":{"rendered":"Tribunal Militaire : Mandat d\u2019amener contre Seifeddine Makhlouf"},"content":{"rendered":"<div>\n<p>Le Tribunal Militaire a \u00e9mis le 21 ao\u00fbt 2021, un mandat d\u2019amener \u00e0 l\u2019encontre du d\u00e9put\u00e9 gel\u00e9 de la Coalition El Karama dans le cadre de l\u2019affaire de l\u2019a\u00e9roport, et ce suite \u00e0 son refus de comparaitre par devant l\u2019instance. Il convient de noter qu\u2019au cours de cette semaine, un mandat a \u00e9t\u00e9 \u00e9mis contre [\u2026]<\/p>\n<p>L\u2019article <a href=\"https:\/\/www.tunisienumerique.com\/tribunal-militaire-mandat-damener-contre-seifeddine-makhlouf\/\">Tribunal Militaire : Mandat d\u2019amener contre Seifeddine Makhlouf<\/a> est apparu en premier sur <a href=\"https:\/\/www.tunisienumerique.com\/\">Tunisie<\/a>.<\/p>\n<\/div>\n<p>Auteur: rania ben slimane<br \/>\n<a href=\"https:\/\/www.tunisienumerique.com\/tribunal-militaire-mandat-damener-contre-seifeddine-makhlouf\/\">Cliquez ici pour lire l&rsquo;article depuis sa source.<\/a><\/p>\n","protected":false},"excerpt":{"rendered":"<p>Le Tribunal Militaire a \u00e9mis le 21 ao\u00fbt 2021, un mandat d\u2019amener \u00e0 l\u2019encontre du d\u00e9put\u00e9 gel\u00e9 de la Coalition El Karama dans le cadre de l\u2019affaire de l\u2019a\u00e9roport, et ce suite \u00e0 son refus de comparaitre par devant l\u2019instance. Il convient de noter qu\u2019au cours de cette semaine, un mandat a \u00e9t\u00e9 \u00e9mis contre [&hellip;]<\/p>\n","protected":false},"author":1789,"featured_media":0,"comment_status":"closed","ping_status":"closed","sticky":false,"template":"","format":"standard","meta":{"fifu_image_url":"","fifu_image_alt":"","footnotes":""},"categories":[73,55],"tags":[],"class_list":["post-124775","post","type-post","status-publish","format-standard","hentry","category-actualite","category-tunisie"],"_links":{"self":[{"href":"https:\/\/linitiative.ca\/International\/wp-json\/wp\/v2\/posts\/124775","targetHints":{"allow":["GET"]}}],"collection":[{"href":"https:\/\/linitiative.ca\/International\/wp-json\/wp\/v2\/posts"}],"about":[{"href":"https:\/\/linitiative.ca\/International\/wp-json\/wp\/v2\/types\/post"}],"author":[{"embeddable":true,"href":"https:\/\/linitiative.ca\/International\/wp-json\/wp\/v2\/users\/1789"}],"replies":[{"embeddable":true,"href":"https:\/\/linitiative.ca\/International\/wp-json\/wp\/v2\/comments?post=124775"}],"version-history":[{"count":0,"href":"https:\/\/linitiative.ca\/International\/wp-json\/wp\/v2\/posts\/124775\/revisions"}],"wp:attachment":[{"href":"https:\/\/linitiative.ca\/International\/wp-json\/wp\/v2\/media?parent=124775"}],"wp:term":[{"taxonomy":"category","embeddable":true,"href":"https:\/\/linitiative.ca\/International\/wp-json\/wp\/v2\/categories?post=124775"},{"taxonomy":"post_tag","embeddable":true,"href":"https:\/\/linitiative.ca\/International\/wp-json\/wp\/v2\/tags?post=124775"}],"curies":[{"name":"wp","href":"https:\/\/api.w.org\/{rel}","templated":true}]}}