{"id":124776,"date":"2021-08-20T18:18:02","date_gmt":"2021-08-20T22:18:02","guid":{"rendered":"https:\/\/linitiative.ca\/International\/le-maroc-cible-par-des-attaques-methodiques-de-la-part-de-certains-pays-et-dorganisations\/"},"modified":"2021-08-20T18:18:02","modified_gmt":"2021-08-20T22:18:02","slug":"le-maroc-cible-par-des-attaques-methodiques-de-la-part-de-certains-pays-et-dorganisations","status":"publish","type":"post","link":"https:\/\/linitiative.ca\/International\/le-maroc-cible-par-des-attaques-methodiques-de-la-part-de-certains-pays-et-dorganisations\/","title":{"rendered":"Le Maroc cibl\u00e9 par des attaques m\u00e9thodiques de la part de certains pays et d\u2019organisations"},"content":{"rendered":"<div>\n<p><img loading=\"lazy\" decoding=\"async\" width=\"588\" height=\"330\" src=\"https:\/\/linitiative.ca\/International\/wp-content\/uploads\/sites\/23\/2021\/08\/16294978827062.jpg\" class=\"attachment-post-thumbnail size-post-thumbnail wp-post-image\" alt=\"\" srcset=\"https:\/\/linitiative.ca\/International\/wp-content\/uploads\/sites\/23\/2021\/08\/16294978827062.jpg 588w, https:\/\/www.journalducameroun.com\/wp-content\/uploads\/2021\/08\/16294978827062-300x168.jpg 300w, https:\/\/www.journalducameroun.com\/wp-content\/uploads\/2021\/08\/16294978827062-160x90.jpg 160w, https:\/\/www.journalducameroun.com\/wp-content\/uploads\/2021\/08\/16294978827062-240x135.jpg 240w\" sizes=\"auto, (max-width: 588px) 100vw, 588px\"><\/p>\n<p>Le Maroc a \u00e9t\u00e9 derni\u00e8rement la cible d&rsquo;\u00ab attaques m\u00e9thodiques \u00bb de la part de certains pays et d&rsquo;organisations notoirement hostiles au Royaume, a soulign\u00e9 vendredi le Roi Mohammed VI dans son discours \u00e0 l&rsquo;occasion du 68-\u00e8me anniversaire de la R\u00e9volution du Roi et du Peuple.\u00ab De fait, notre conviction est que l&rsquo;Etat tire sa force de ses institutions, de l&rsquo;unit\u00e9 et de la coh\u00e9sion de ses composantes nationales. Ce sont pr\u00e9cis\u00e9ment les atouts dont nous nous pr\u00e9valons pour d\u00e9fendre notre pays face \u00e0 l&rsquo;adversit\u00e9, aux crises, aux menaces. Cet esprit de corps est palpable face aux attaques m\u00e9thodiques dont le Maroc a \u00e9t\u00e9 derni\u00e8rement la cible de la part de certains pays et d&rsquo;organisations notoirement hostiles \u00e0 notre nation \u00bb, a dit le Souverain.<\/p>\n<p>Selon lui, le Maroc est vis\u00e9 \u00ab du fait qu&rsquo;il est un Etat pleinement constitu\u00e9 depuis plus de douze si\u00e8cles, outre une histoire amazighe au long cours, et que depuis plus de quatre si\u00e8cles il est gouvern\u00e9 par une monarchie citoyenne, pr\u00e9sidant \u00e0 la destin\u00e9e du pays et la fa\u00e7onnant dans une symbiose totale entre le Tr\u00f4ne et le peuple \u00bb.<\/p>\n<p>Le Royaume, ajoute le Souverain, est aussi vis\u00e9 \u00ab pour sa s\u00e9curit\u00e9 et sa stabilit\u00e9, ces biens particuli\u00e8rement pr\u00e9cieux en ces temps de convulsions et de soubresauts qui agitent le monde \u00bb.<\/p>\n<p>\u00ab N\u00e9anmoins, la bonne r\u00e9putation du Maroc, sa place indiscutable dans le concert des nations, ainsi que son r\u00e9seau relationnel large et dense, en font un pays digne de confiance et lui conf\u00e8rent une solide cr\u00e9dibilit\u00e9 aux \u00e9chelles r\u00e9gionale et internationale \u00bb, a-t-il affirm\u00e9.<\/p>\n<p>Et de faire observer que le Maroc, au m\u00eame titre que certains pays du Maghreb arabe, fait face \u00e0 une agression \u00ab d\u00e9lib\u00e9r\u00e9e \u00bb et \u00ab pr\u00e9m\u00e9dit\u00e9e \u00bb.<\/p>\n<p>Agripp\u00e9s \u00e0 des positions pr\u00e9\u00e9tablies et \u00e0 des consid\u00e9rations obsol\u00e8tes, les ennemis de l&rsquo;int\u00e9grit\u00e9 territoriale du Royaume ne souhaitent pas que le Maroc demeure la nation libre, forte et influente qu&rsquo;il a toujours \u00e9t\u00e9, a pr\u00e9cis\u00e9 le Roi.<\/p>\n<p>Concernant le Maghreb, le Roi rel\u00e8ve que certains pays notamment europ\u00e9ens \u00ab comptant, paradoxalement, parmi les partenaires traditionnels du Maroc, craignent pour leurs int\u00e9r\u00eats \u00e9conomiques, leurs march\u00e9s et leurs sph\u00e8res d&rsquo;influence dans la r\u00e9gion maghr\u00e9bine \u00bb.<\/p>\n<p>Et d&rsquo;expliquer que certains des dirigeants de ces pays \u00ab ne saisissent pas encore que le probl\u00e8me ne r\u00e9side pas dans les r\u00e9gimes des pays du grand Maghreb, mais bien dans les leurs, toujours teint\u00e9s d&rsquo;un pass\u00e9isme d\u00e9sesp\u00e9r\u00e9ment r\u00e9tif aux \u00e9volutions du temps \u00bb.<\/p>\n<p>\u00ab Par ailleurs, les derniers mois ont r\u00e9v\u00e9l\u00e9 que ces pays connaissent un affaiblissement du respect des institutions de l&rsquo;Etat et de ses principales missions traditionnelles \u00bb, ajoute-t-il.<\/p>\n<p>Pour le Souverain, ces pays \u00ab nous voudraient fa\u00e7onn\u00e9s \u00e0 leur image et, pour porter atteinte \u00e0 la respectabilit\u00e9 de nos institutions nationales, pour saper leur autorit\u00e9, ils les accusent de bafouer les droits et les libert\u00e9s et d\u00e9ploient, \u00e0 cet effet, des arguments fallacieux contre elles \u00bb.<\/p>\n<p>\u00ab Ils ne veulent pas admettre que les r\u00e8gles du jeu ont chang\u00e9, que, d\u00e9sormais, nos pays sont totalement aptes \u00e0 g\u00e9rer leurs affaires, \u00e0 mettre en valeur leurs ressources et leurs potentialit\u00e9s, dans l&rsquo;int\u00e9r\u00eat bien compris de nos peuples \u00bb, a-t-il insist\u00e9.<\/p>\n<p>Aussi, et dans l&rsquo;intention de pr\u00e9cipiter le Maroc dans une spirale de probl\u00e8mes et de conflits avec certains pays, toutes sortes de ressources, l\u00e9gitimes et ill\u00e9gitimes, ont \u00e9t\u00e9 mobilis\u00e9es, avec une distribution des r\u00f4les et le d\u00e9ploiement d&rsquo;impressionnants dispositifs d&rsquo;influence.<\/p>\n<p>\u00ab Bien plus, plut\u00f4t que d&rsquo;appuyer les efforts du Maroc dans le cadre d&rsquo;un \u00e9quilibre souhait\u00e9 entre les pays de la r\u00e9gion, des rapports ont franchi toutes les limites de l&rsquo;acceptable, allant jusqu&rsquo;\u00e0 recommander que soit frein\u00e9e la dynamique de d\u00e9veloppement de notre pays, au motif captieux qu&rsquo;elle cr\u00e9e une dissym\u00e9trie entre les Etats maghr\u00e9bins \u00bb, fait remarquer le Roi.<\/p>\n<p>Le Souverain r\u00e9v\u00e8le que les artisans de ce travail de sape ont orchestr\u00e9 une \u00ab vaste campagne de d\u00e9nigrement \u00e0 l&rsquo;encontre de nos institutions s\u00e9curitaires \u00bb, ajoutant que ces artisans \u00ab tentent ainsi de porter un coup \u00e0 leur niveau de ma\u00eetrise \u00e9lev\u00e9 et \u00e0 leur efficacit\u00e9 \u00e0 pr\u00e9server la s\u00e9curit\u00e9 et la stabilit\u00e9 du Maroc. Ils cherchent par l\u00e0 m\u00eame \u00e0 jeter une ombre sur l&rsquo;effort d&rsquo;appui et de coordination qu&rsquo;elles assurent au b\u00e9n\u00e9fice de notre environnement r\u00e9gional et international et ce, de l&rsquo;aveu m\u00eame de quelques-uns de ces pays \u00bb.<\/p>\n<p>\u00ab Mais \u00e0 toute chose, malheur est bon : par leurs men\u00e9es, les ennemis de notre int\u00e9grit\u00e9 territoriale ne font que renforcer la foi et l&rsquo;engagement d\u00e9termin\u00e9 des Marocains \u00e0 d\u00e9fendre sans rel\u00e2che la Patrie et ses int\u00e9r\u00eats sup\u00e9rieurs \u00bb, a-t-il affirm\u00e9.<\/p>\n<p>Le Roi exprime sa d\u00e9termination \u00e0 \u00ab maintenir r\u00e9solument le cap, n&rsquo;en d\u00e9plaise aux adversaires agac\u00e9s et aux envieux consum\u00e9s par la haine vou\u00e9e \u00e0 notre pays \u00bb.<\/p>\n<p>Cet article <a rel=\"nofollow\" href=\"https:\/\/www.journalducameroun.com\/le-maroc-cible-par-des-attaques-methodiques-de-la-part-de-certains-pays-et-dorganisations\/\">Le Maroc cibl\u00e9 par des attaques m\u00e9thodiques de la part de certains pays et d\u2019organisations<\/a> est apparu en premier sur <a rel=\"nofollow\" href=\"https:\/\/www.journalducameroun.com\/\">Journal du Cameroun<\/a>.<\/p>\n<\/div>\n<p>Auteur: APA News<br \/>\n<a href=\"https:\/\/www.journalducameroun.com\/le-maroc-cible-par-des-attaques-methodiques-de-la-part-de-certains-pays-et-dorganisations\/\">Cliquez ici pour lire l&rsquo;article depuis sa source.<\/a><\/p>\n","protected":false},"excerpt":{"rendered":"<p>Le Maroc a \u00e9t\u00e9 derni\u00e8rement la cible d&rsquo;\u00ab attaques m\u00e9thodiques \u00bb de la part de certains pays et d&rsquo;organisations notoirement hostiles au Royaume, a soulign\u00e9 vendredi le Roi Mohammed VI dans son discours \u00e0 l&rsquo;occasion du 68-\u00e8me anniversaire de la R\u00e9volution du Roi et du Peuple.\u00ab De fait, notre conviction est que l&rsquo;Etat tire sa [&hellip;]<\/p>\n","protected":false},"author":1965,"featured_media":0,"comment_status":"closed","ping_status":"closed","sticky":false,"template":"","format":"standard","meta":{"fifu_image_url":"https:\/\/www.journalducameroun.com\/wp-content\/uploads\/2021\/08\/16294978827062.jpg","fifu_image_alt":"Le Maroc cibl\u00e9 par des attaques m\u00e9thodiques de la part de certains pays et d\u2019organisations","footnotes":""},"categories":[73,82],"tags":[],"class_list":["post-124776","post","type-post","status-publish","format-standard","hentry","category-actualite","category-cameroun"],"_links":{"self":[{"href":"https:\/\/linitiative.ca\/International\/wp-json\/wp\/v2\/posts\/124776","targetHints":{"allow":["GET"]}}],"collection":[{"href":"https:\/\/linitiative.ca\/International\/wp-json\/wp\/v2\/posts"}],"about":[{"href":"https:\/\/linitiative.ca\/International\/wp-json\/wp\/v2\/types\/post"}],"author":[{"embeddable":true,"href":"https:\/\/linitiative.ca\/International\/wp-json\/wp\/v2\/users\/1965"}],"replies":[{"embeddable":true,"href":"https:\/\/linitiative.ca\/International\/wp-json\/wp\/v2\/comments?post=124776"}],"version-history":[{"count":0,"href":"https:\/\/linitiative.ca\/International\/wp-json\/wp\/v2\/posts\/124776\/revisions"}],"wp:attachment":[{"href":"https:\/\/linitiative.ca\/International\/wp-json\/wp\/v2\/media?parent=124776"}],"wp:term":[{"taxonomy":"category","embeddable":true,"href":"https:\/\/linitiative.ca\/International\/wp-json\/wp\/v2\/categories?post=124776"},{"taxonomy":"post_tag","embeddable":true,"href":"https:\/\/linitiative.ca\/International\/wp-json\/wp\/v2\/tags?post=124776"}],"curies":[{"name":"wp","href":"https:\/\/api.w.org\/{rel}","templated":true}]}}