{"id":124778,"date":"2021-08-20T19:18:02","date_gmt":"2021-08-20T23:18:02","guid":{"rendered":"https:\/\/linitiative.ca\/International\/roi-mohammed-vi-le-maroc-souhaite-inaugurer-une-etape-inedite-dans-les-relations-avec-lespagne\/"},"modified":"2021-08-20T19:18:02","modified_gmt":"2021-08-20T23:18:02","slug":"roi-mohammed-vi-le-maroc-souhaite-inaugurer-une-etape-inedite-dans-les-relations-avec-lespagne","status":"publish","type":"post","link":"https:\/\/linitiative.ca\/International\/roi-mohammed-vi-le-maroc-souhaite-inaugurer-une-etape-inedite-dans-les-relations-avec-lespagne\/","title":{"rendered":"Roi Mohammed VI: le Maroc souhaite inaugurer \u00abune \u00e9tape in\u00e9dite\u00bb dans les relations avec l\u2019Espagne"},"content":{"rendered":"<div>\n<p><img loading=\"lazy\" decoding=\"async\" width=\"291\" height=\"173\" src=\"https:\/\/linitiative.ca\/International\/wp-content\/uploads\/sites\/23\/2021\/08\/16295014822910.jpg\" class=\"attachment-post-thumbnail size-post-thumbnail wp-post-image\" alt=\"\"><\/p>\n<p>Le Roi Mohammed VI a indiqu\u00e9 vendredi que le Maroc souhaite, avec un optimisme sinc\u00e8re, continuer \u00e0 \u0153uvrer avec le gouvernement espagnol et son pr\u00e9sident, M. Pedro Sanchez, afin d&rsquo;inaugurer \u00abune \u00e9tape in\u00e9dite\u00bb dans les relations entre les deux pays voisins.Ces relations devront reposer sur la confiance, la transparence, la consid\u00e9ration mutuelle et le respect des engagements, a tenu \u00e0 pr\u00e9ciser le Souverain dans un discours adress\u00e9 \u00e0 l&rsquo;occasion du 68e anniversaire de la R\u00e9volution du Roi et du peuple.<\/p>\n<p>Le Maroc s&rsquo;attache \u00e0 fonder des relations solides, constructives et \u00e9quilibr\u00e9es, notamment avec les pays voisins, a soulign\u00e9\u00a0le Souverain, ajoutant que c&rsquo;est cette m\u00eame logique qui commande les choix du Royaume dans la relation que \u00ab\u00a0nous entretenons actuellement avec notre voisin l&rsquo;Espagne\u00a0\u00bb.<\/p>\n<p>Il a, dans ce sens, fait observer que ces relations ont certes travers\u00e9 r\u00e9cemment une crise sans pr\u00e9c\u00e9dent, qui a fortement \u00e9branl\u00e9 la confiance mutuelle et a soulev\u00e9 plusieurs interrogations sur leur devenir, soulignant que le Maroc a travaill\u00e9, n\u00e9anmoins, avec la partie espagnole, dans le plus grand calme, la clart\u00e9 la plus totale et un esprit de responsabilit\u00e9.<\/p>\n<p>De fait, a poursuivi\u00a0le Roi Mohammed VI, le Maroc tient \u00e0 c\u0153ur de renforcer les fondements classiques qui sous-tendent ses relations avec l&rsquo;Espagne, \u00e0 la faveur d&rsquo;une compr\u00e9hension conjointe des int\u00e9r\u00eats des deux pays voisins.<\/p>\n<p>Le Souverain, qui a suivi personnellement et directement le processus de dialogue ainsi que l&rsquo;\u00e9volution des discussions avec Madrid, a pr\u00e9cis\u00e9 que \u00able but n&rsquo;\u00e9tait pas seulement de trouver une issue \u00e0 cette crise, mais aussi de saisir l&rsquo;opportunit\u00e9 pour red\u00e9finir les bases et les param\u00e8tres qui r\u00e9gissent ces relations\u00bb.<\/p>\n<p>Le Roi Mohammed VI a not\u00e9 \u00e9galement que \u00able m\u00eame esprit sous-tend les relations de partenariat et de solidarit\u00e9 entre le Maroc et la France\u00bb.<\/p>\n<p>Ces relations, a pr\u00e9cis\u00e9 le Souverain, sont \u00e9tay\u00e9es par les solides relations d&rsquo;amiti\u00e9 et d&rsquo;estime mutuelle qui unissent le Roi Mohammed VI et le Pr\u00e9sident fran\u00e7ais, Son Excellence Emmanuel Macron.<\/p>\n<p>Cet article <a rel=\"nofollow\" href=\"https:\/\/www.journalducameroun.com\/roi-mohammed-vi-le-maroc-souhaite-inaugurer-une-etape-inedite-dans-les-relations-avec-lespagne\/\">Roi Mohammed VI: le Maroc souhaite inaugurer \u00abune \u00e9tape in\u00e9dite\u00bb dans les relations avec l\u2019Espagne<\/a> est apparu en premier sur <a rel=\"nofollow\" href=\"https:\/\/www.journalducameroun.com\/\">Journal du Cameroun<\/a>.<\/p>\n<\/div>\n<p>Auteur: APA News<br \/>\n<a href=\"https:\/\/www.journalducameroun.com\/roi-mohammed-vi-le-maroc-souhaite-inaugurer-une-etape-inedite-dans-les-relations-avec-lespagne\/\">Cliquez ici pour lire l&rsquo;article depuis sa source.<\/a><\/p>\n","protected":false},"excerpt":{"rendered":"<p>Le Roi Mohammed VI a indiqu\u00e9 vendredi que le Maroc souhaite, avec un optimisme sinc\u00e8re, continuer \u00e0 \u0153uvrer avec le gouvernement espagnol et son pr\u00e9sident, M. Pedro Sanchez, afin d&rsquo;inaugurer \u00abune \u00e9tape in\u00e9dite\u00bb dans les relations entre les deux pays voisins.Ces relations devront reposer sur la confiance, la transparence, la consid\u00e9ration mutuelle et le respect [&hellip;]<\/p>\n","protected":false},"author":1965,"featured_media":0,"comment_status":"closed","ping_status":"closed","sticky":false,"template":"","format":"standard","meta":{"fifu_image_url":"https:\/\/www.journalducameroun.com\/wp-content\/uploads\/2021\/08\/16295014822910.jpg","fifu_image_alt":"Roi Mohammed VI: le Maroc souhaite inaugurer \u00abune \u00e9tape in\u00e9dite\u00bb dans les relations avec l\u2019Espagne","footnotes":""},"categories":[73,82],"tags":[],"class_list":["post-124778","post","type-post","status-publish","format-standard","hentry","category-actualite","category-cameroun"],"_links":{"self":[{"href":"https:\/\/linitiative.ca\/International\/wp-json\/wp\/v2\/posts\/124778","targetHints":{"allow":["GET"]}}],"collection":[{"href":"https:\/\/linitiative.ca\/International\/wp-json\/wp\/v2\/posts"}],"about":[{"href":"https:\/\/linitiative.ca\/International\/wp-json\/wp\/v2\/types\/post"}],"author":[{"embeddable":true,"href":"https:\/\/linitiative.ca\/International\/wp-json\/wp\/v2\/users\/1965"}],"replies":[{"embeddable":true,"href":"https:\/\/linitiative.ca\/International\/wp-json\/wp\/v2\/comments?post=124778"}],"version-history":[{"count":0,"href":"https:\/\/linitiative.ca\/International\/wp-json\/wp\/v2\/posts\/124778\/revisions"}],"wp:attachment":[{"href":"https:\/\/linitiative.ca\/International\/wp-json\/wp\/v2\/media?parent=124778"}],"wp:term":[{"taxonomy":"category","embeddable":true,"href":"https:\/\/linitiative.ca\/International\/wp-json\/wp\/v2\/categories?post=124778"},{"taxonomy":"post_tag","embeddable":true,"href":"https:\/\/linitiative.ca\/International\/wp-json\/wp\/v2\/tags?post=124778"}],"curies":[{"name":"wp","href":"https:\/\/api.w.org\/{rel}","templated":true}]}}