{"id":124780,"date":"2021-08-21T04:18:01","date_gmt":"2021-08-21T08:18:01","guid":{"rendered":"https:\/\/linitiative.ca\/International\/remi-ayikoue-amavi-nouveau-dg-de-bollore-au-mali\/"},"modified":"2021-08-21T04:18:01","modified_gmt":"2021-08-21T08:18:01","slug":"remi-ayikoue-amavi-nouveau-dg-de-bollore-au-mali","status":"publish","type":"post","link":"https:\/\/linitiative.ca\/International\/remi-ayikoue-amavi-nouveau-dg-de-bollore-au-mali\/","title":{"rendered":"R\u00e9mi Ayikou\u00e9 Amavi, nouveau DG de Bollor\u00e9 au Mali"},"content":{"rendered":"<div>\n<p><img loading=\"lazy\" decoding=\"async\" width=\"2160\" height=\"2160\" src=\"https:\/\/linitiative.ca\/International\/wp-content\/uploads\/sites\/23\/2021\/08\/16295338825667.jpg\" class=\"attachment-post-thumbnail size-post-thumbnail wp-post-image\" alt=\"\" srcset=\"https:\/\/linitiative.ca\/International\/wp-content\/uploads\/sites\/23\/2021\/08\/16295338825667.jpg 2160w, https:\/\/www.journalducameroun.com\/wp-content\/uploads\/2021\/08\/16295338825667-150x150.jpg 150w, https:\/\/www.journalducameroun.com\/wp-content\/uploads\/2021\/08\/16295338825667-300x300.jpg 300w, https:\/\/www.journalducameroun.com\/wp-content\/uploads\/2021\/08\/16295338825667-768x768.jpg 768w, https:\/\/www.journalducameroun.com\/wp-content\/uploads\/2021\/08\/16295338825667-1024x1024.jpg 1024w, https:\/\/www.journalducameroun.com\/wp-content\/uploads\/2021\/08\/16295338825667-440x440.jpg 440w, https:\/\/www.journalducameroun.com\/wp-content\/uploads\/2021\/08\/16295338825667-60x60.jpg 60w, https:\/\/www.journalducameroun.com\/wp-content\/uploads\/2021\/08\/16295338825667-100x100.jpg 100w, https:\/\/www.journalducameroun.com\/wp-content\/uploads\/2021\/08\/16295338825667-600x600.jpg 600w\" sizes=\"auto, (max-width: 2160px) 100vw, 2160px\"><\/p>\n<p>Nomm\u00e9 le 1er ao\u00fbt 2021, le B\u00e9ninois succ\u00e8de \u00e0 \u00c9ric Dupuis \u00e0 la Direction G\u00e9n\u00e9rale de de Bollor\u00e9 Transport &amp; Logistics Mali.R\u00e9mi Ayikou\u00e9 Amavi a int\u00e9gr\u00e9 Bollor\u00e9 Transport &amp; Logistics en 2006 au sein de la filiale \u00e9quato-guin\u00e9enne de l&rsquo;entreprise o\u00f9 il s&rsquo;est occup\u00e9 du d\u00e9veloppement commercial des activit\u00e9s logistiques avant de passer Directeur G\u00e9n\u00e9ral en 2017.<\/p>\n<p>Dipl\u00f4m\u00e9 en Management et strat\u00e9gie d&rsquo;entreprise de l&rsquo;ENACO-Lille, il va mettre son exp\u00e9rience au service du d\u00e9veloppement des activit\u00e9s logistiques du Mali. Le nouveau DG va notamment s&rsquo;appuyer sur le r\u00e9seau de Bollor\u00e9 Transport &amp; Logistics dans 109 pays et l&rsquo;expertise de ses collaborateurs pour am\u00e9liorer la desserte du pays.<\/p>\n<p>\u00ab Je suis honor\u00e9 de la confiance que l&rsquo;entreprise que j&rsquo;ai rejoint il y a 15 ans m&rsquo;accorde. Avec le concours de toutes les \u00e9quipes du Mali, nous allons apporter notre modeste contribution au rayonnement socio-\u00e9conomique du pays et offrir \u00e0 nos clients des solutions logistiques innovantes dans le respect de la politique de Bollor\u00e9 Transport &amp; Logistics \u00bb, a confi\u00e9 R\u00e9mi Ayikou\u00e9 Amavi.<\/p>\n<p>Cet article <a rel=\"nofollow\" href=\"https:\/\/www.journalducameroun.com\/remi-ayikoue-amavi-nouveau-dg-de-bollore-au-mali\/\">R\u00e9mi Ayikou\u00e9 Amavi, nouveau DG de Bollor\u00e9 au Mali<\/a> est apparu en premier sur <a rel=\"nofollow\" href=\"https:\/\/www.journalducameroun.com\/\">Journal du Cameroun<\/a>.<\/p>\n<\/div>\n<p>Auteur: APA News<br \/>\n<a href=\"https:\/\/www.journalducameroun.com\/remi-ayikoue-amavi-nouveau-dg-de-bollore-au-mali\/\">Cliquez ici pour lire l&rsquo;article depuis sa source.<\/a><\/p>\n","protected":false},"excerpt":{"rendered":"<p>Nomm\u00e9 le 1er ao\u00fbt 2021, le B\u00e9ninois succ\u00e8de \u00e0 \u00c9ric Dupuis \u00e0 la Direction G\u00e9n\u00e9rale de de Bollor\u00e9 Transport &amp; Logistics Mali.R\u00e9mi Ayikou\u00e9 Amavi a int\u00e9gr\u00e9 Bollor\u00e9 Transport &amp; Logistics en 2006 au sein de la filiale \u00e9quato-guin\u00e9enne de l&rsquo;entreprise o\u00f9 il s&rsquo;est occup\u00e9 du d\u00e9veloppement commercial des activit\u00e9s logistiques avant de passer Directeur G\u00e9n\u00e9ral [&hellip;]<\/p>\n","protected":false},"author":1965,"featured_media":0,"comment_status":"closed","ping_status":"closed","sticky":false,"template":"","format":"standard","meta":{"fifu_image_url":"https:\/\/www.journalducameroun.com\/wp-content\/uploads\/2021\/08\/16295338825667.jpg","fifu_image_alt":"R\u00e9mi Ayikou\u00e9 Amavi, nouveau DG de Bollor\u00e9 au Mali","footnotes":""},"categories":[73,82],"tags":[],"class_list":["post-124780","post","type-post","status-publish","format-standard","hentry","category-actualite","category-cameroun"],"_links":{"self":[{"href":"https:\/\/linitiative.ca\/International\/wp-json\/wp\/v2\/posts\/124780","targetHints":{"allow":["GET"]}}],"collection":[{"href":"https:\/\/linitiative.ca\/International\/wp-json\/wp\/v2\/posts"}],"about":[{"href":"https:\/\/linitiative.ca\/International\/wp-json\/wp\/v2\/types\/post"}],"author":[{"embeddable":true,"href":"https:\/\/linitiative.ca\/International\/wp-json\/wp\/v2\/users\/1965"}],"replies":[{"embeddable":true,"href":"https:\/\/linitiative.ca\/International\/wp-json\/wp\/v2\/comments?post=124780"}],"version-history":[{"count":0,"href":"https:\/\/linitiative.ca\/International\/wp-json\/wp\/v2\/posts\/124780\/revisions"}],"wp:attachment":[{"href":"https:\/\/linitiative.ca\/International\/wp-json\/wp\/v2\/media?parent=124780"}],"wp:term":[{"taxonomy":"category","embeddable":true,"href":"https:\/\/linitiative.ca\/International\/wp-json\/wp\/v2\/categories?post=124780"},{"taxonomy":"post_tag","embeddable":true,"href":"https:\/\/linitiative.ca\/International\/wp-json\/wp\/v2\/tags?post=124780"}],"curies":[{"name":"wp","href":"https:\/\/api.w.org\/{rel}","templated":true}]}}