{"id":124793,"date":"2021-08-21T18:55:19","date_gmt":"2021-08-21T22:55:19","guid":{"rendered":"https:\/\/linitiative.ca\/International\/coupe-mohammed-vi-des-clubs-arabes-champions-sm-le-roi-felicite-dans-un-entretien-telephonique-le-raja\/"},"modified":"2021-08-21T18:55:19","modified_gmt":"2021-08-21T22:55:19","slug":"coupe-mohammed-vi-des-clubs-arabes-champions-sm-le-roi-felicite-dans-un-entretien-telephonique-le-raja","status":"publish","type":"post","link":"https:\/\/linitiative.ca\/International\/coupe-mohammed-vi-des-clubs-arabes-champions-sm-le-roi-felicite-dans-un-entretien-telephonique-le-raja\/","title":{"rendered":"Coupe Mohammed VI des clubs arabes champions : SM le Roi f\u00e9licite dans un entretien t\u00e9l\u00e9phonique le Raja"},"content":{"rendered":"<div>\n<p><img decoding=\"async\" width=\"300\" height=\"153\" src=\"https:\/\/linitiative.ca\/International\/wp-content\/uploads\/sites\/23\/2021\/08\/raja-le-roi-300x153-1.jpg\" class=\"attachment-medium size-medium wp-post-image\" alt=\"\" loading=\"lazy\" srcset=\"\/\/aujourdhui.ma\/wp-content\/uploads\/2021\/08\/raja-le-roi-300x153.jpg 300w, \/\/aujourdhui.ma\/wp-content\/uploads\/2021\/08\/raja-le-roi-274x140.jpg 274w, \/\/aujourdhui.ma\/wp-content\/uploads\/2021\/08\/raja-le-roi.jpg 746w, \/\/aujourdhui.ma\/wp-content\/uploads\/2021\/08\/raja-le-roi-165x84.jpg 165w, \/\/aujourdhui.ma\/wp-content\/uploads\/2021\/08\/raja-le-roi-702x358.jpg 702w\" sizes=\"auto, (max-width: 300px) 100vw, 300px\"><\/p>\n<p><strong>\u00a0Suite \u00e0 la cons\u00e9cration du Raja Club Athletic en finale de la Coupe Mohammed VI des clubs arabes champions, Sa Majest\u00e9 le Roi Mohammed VI, que Dieu L\u2019assiste, S\u2019est entretenu au t\u00e9l\u00e9phone avec le pr\u00e9sident du club, Rachid Andaloussi, l\u2019entra\u00eeneur, Lassaad Chabbi et le capitaine de l\u2019\u00e9quipe Anas Zniti, leur exprimant Ses vives f\u00e9licitations pour ce sacre.<\/strong><\/p>\n<p><span id=\"more-384767\"><\/span><\/p>\n<p>Lors de cet entretien t\u00e9l\u00e9phonique, qui a eu lieu \u00e0 l\u2019issue du match disput\u00e9, samedi soir au Complexe sportif Prince Moulay Abdellah \u00e0 Rabat, contre l\u2019\u00e9quipe saoudienne de l\u2019Ittihad de Jeddah, le Souverain a charg\u00e9 le pr\u00e9sident, l\u2019entra\u00eeneur et le capitaine de transmettre Ses f\u00e9licitations aux joueurs, au staff technique, m\u00e9dical et administratif et aux supporters de l\u2019\u00e9quipe du Raja pour cet important triomphe, motif de fiert\u00e9 pour l\u2019ensemble du public sportif et tout le peuple Marocain et qui vient confirmer le leadership du Club du Raja sur le plan arabe, notamment apr\u00e8s la derni\u00e8re cons\u00e9cration africaine du club.<\/p>\n<\/div>\n<p>Auteur: ALM<br \/>\n<a href=\"https:\/\/aujourdhui.ma\/une\/coupe-mohammed-vi-des-clubs-arabes-champions-sm-le-roi-felicite-dans-un-entretien-telephonique-le-raja\">Cliquez ici pour lire l&rsquo;article depuis sa source.<\/a><\/p>\n","protected":false},"excerpt":{"rendered":"<p>\u00a0Suite \u00e0 la cons\u00e9cration du Raja Club Athletic en finale de la Coupe Mohammed VI des clubs arabes champions, Sa Majest\u00e9 le Roi Mohammed VI, que Dieu L\u2019assiste, S\u2019est entretenu au t\u00e9l\u00e9phone avec le pr\u00e9sident du club, Rachid Andaloussi, l\u2019entra\u00eeneur, Lassaad Chabbi et le capitaine de l\u2019\u00e9quipe Anas Zniti, leur exprimant Ses vives f\u00e9licitations pour [&hellip;]<\/p>\n","protected":false},"author":1759,"featured_media":0,"comment_status":"closed","ping_status":"closed","sticky":false,"template":"","format":"standard","meta":{"fifu_image_url":"https:\/\/aujourdhui.ma\/wp-content\/uploads\/2021\/08\/raja-le-roi-300x153.jpg","fifu_image_alt":"Coupe Mohammed VI des clubs arabes champions : SM le Roi f\u00e9licite dans un entretien t\u00e9l\u00e9phonique le Raja","footnotes":""},"categories":[73,54],"tags":[],"class_list":["post-124793","post","type-post","status-publish","format-standard","hentry","category-actualite","category-maroc"],"_links":{"self":[{"href":"https:\/\/linitiative.ca\/International\/wp-json\/wp\/v2\/posts\/124793","targetHints":{"allow":["GET"]}}],"collection":[{"href":"https:\/\/linitiative.ca\/International\/wp-json\/wp\/v2\/posts"}],"about":[{"href":"https:\/\/linitiative.ca\/International\/wp-json\/wp\/v2\/types\/post"}],"author":[{"embeddable":true,"href":"https:\/\/linitiative.ca\/International\/wp-json\/wp\/v2\/users\/1759"}],"replies":[{"embeddable":true,"href":"https:\/\/linitiative.ca\/International\/wp-json\/wp\/v2\/comments?post=124793"}],"version-history":[{"count":0,"href":"https:\/\/linitiative.ca\/International\/wp-json\/wp\/v2\/posts\/124793\/revisions"}],"wp:attachment":[{"href":"https:\/\/linitiative.ca\/International\/wp-json\/wp\/v2\/media?parent=124793"}],"wp:term":[{"taxonomy":"category","embeddable":true,"href":"https:\/\/linitiative.ca\/International\/wp-json\/wp\/v2\/categories?post=124793"},{"taxonomy":"post_tag","embeddable":true,"href":"https:\/\/linitiative.ca\/International\/wp-json\/wp\/v2\/tags?post=124793"}],"curies":[{"name":"wp","href":"https:\/\/api.w.org\/{rel}","templated":true}]}}