{"id":124798,"date":"2021-08-22T10:39:22","date_gmt":"2021-08-22T14:39:22","guid":{"rendered":"https:\/\/linitiative.ca\/International\/une-preuve-de-lenracinement-de-la-pratique-democratique-au-maroc\/"},"modified":"2021-08-22T10:39:22","modified_gmt":"2021-08-22T14:39:22","slug":"une-preuve-de-lenracinement-de-la-pratique-democratique-au-maroc","status":"publish","type":"post","link":"https:\/\/linitiative.ca\/International\/une-preuve-de-lenracinement-de-la-pratique-democratique-au-maroc\/","title":{"rendered":"Une preuve de l\u2019enracinement de la pratique d\u00e9mocratique au Maroc"},"content":{"rendered":"<div>\n<p class=\"has-text-align-center has-vivid-red-color has-text-color\"><strong>La tenue simultan\u00e9e des scrutins l\u00e9gislatif, r\u00e9gional et local<\/strong><\/p>\n<p class=\"has-vivid-cyan-blue-color has-text-color\"><strong>La tenue simultan\u00e9e des scrutins l\u00e9gislatif, r\u00e9gional et local atteste l\u2019enracinement de la pratique d\u00e9mocratique au Maroc, a affirm\u00e9 SM le Roi Mohammed VI dans le Discours adress\u00e9 vendredi \u00e0 la Nation \u00e0 l\u2019occasion du 68\u00e8me anniversaire de la R\u00e9volution du Roi et du peuple.<\/strong><\/p>\n<p>\u00ab\u00a0Par la tenue simultan\u00e9e des scrutins l\u00e9gislatif, r\u00e9gional et local, l\u2019\u00e9ch\u00e9ance attendue atteste l\u2019enracinement de la pratique d\u00e9mocratique dans notre pays et confirme le niveau de maturit\u00e9 du syst\u00e8me politique marocain\u00a0\u00bb, a dit le Souverain.<\/p>\n<p>Loin d\u2019\u00eatre une fin en soi, les \u00e9lections constituent un levier pour la mise en place d\u2019institutions cr\u00e9dibles dont la vocation est de servir l\u2019int\u00e9r\u00eat g\u00e9n\u00e9ral, de plaider les Causes nationales, a soulign\u00e9 Sa Majest\u00e9 le Roi.<\/p>\n<p>\u201cDe fait, Notre conviction est que l\u2019Etat tire sa force de ses institutions, de l\u2019unit\u00e9 et de la coh\u00e9sion de ses composantes nationales.<\/p>\n<p>Ce sont pr\u00e9cis\u00e9ment les atouts dont nous nous pr\u00e9valons pour d\u00e9fendre notre pays face \u00e0 l\u2019Adversit\u00e9, aux crises, aux menaces\u201d, a indiqu\u00e9 le Souverain. Par ailleurs, SM le Roi a not\u00e9 que la c\u00e9l\u00e9bration de la R\u00e9volution du Roi et du peuple co\u00efncide avec le lancement d\u2019une nouvelle g\u00e9n\u00e9ration de r\u00e9formes et de projets, pr\u00e9vue dans le cadre de la mise en \u0153uvre du Mod\u00e8le de d\u00e9veloppement et du Pacte national pour le D\u00e9veloppement.<\/p>\n<p>\u201cPlus qu\u2019un \u00e9v\u00e9nement historique fig\u00e9 dans le temps, cette R\u00e9volution, toujours en constante r\u00e9g\u00e9n\u00e9rescence, ne cesse d\u2019inspirer, \u00e0 des g\u00e9n\u00e9rations de citoyens, l\u2019amour authentique de la patrie et, par corollaire naturel, l\u2019ardeur \u00e0 d\u00e9fendre le pays, ses institutions, ses symboles sacr\u00e9s\u201d, a soulign\u00e9 SM le Roi.<\/p>\n<p>Si par le pass\u00e9, la R\u00e9volution du Roi et du peuple a constitu\u00e9 un tournant historique pour le Maroc dans sa qu\u00eate de la libert\u00e9 et de l\u2019ind\u00e9pendance, \u201caujourd\u2019hui s\u2019ouvre devant nous une nouvelle \u00e9tape o\u00f9 le patriotisme sinc\u00e8re est de mise pour relever les d\u00e9fis internes et externes\u201d, a not\u00e9 le Souverain.<\/p>\n<p>L\u2019article <a rel=\"nofollow\" href=\"http:\/\/albayane.press.ma\/une-preuve-de-lenracinement-de-la-pratique-democratique-au-maroc.html\">Une preuve de l\u2019enracinement de la pratique d\u00e9mocratique au Maroc<\/a> est apparu en premier sur <a rel=\"nofollow\" href=\"http:\/\/albayane.press.ma\/\">ALBAYANE<\/a>.<\/p>\n<\/div>\n<p>Auteur: M&rsquo;hammed rahal<br \/>\n<a href=\"http:\/\/albayane.press.ma\/une-preuve-de-lenracinement-de-la-pratique-democratique-au-maroc.html\">Cliquez ici pour lire l&rsquo;article depuis sa source.<\/a><\/p>\n","protected":false},"excerpt":{"rendered":"<p>La tenue simultan\u00e9e des scrutins l\u00e9gislatif, r\u00e9gional et local La tenue simultan\u00e9e des scrutins l\u00e9gislatif, r\u00e9gional et local atteste l\u2019enracinement de la pratique d\u00e9mocratique au Maroc, a affirm\u00e9 SM le Roi Mohammed VI dans le Discours adress\u00e9 vendredi \u00e0 la Nation \u00e0 l\u2019occasion du 68\u00e8me anniversaire de la R\u00e9volution du Roi et du peuple. \u00ab\u00a0Par [&hellip;]<\/p>\n","protected":false},"author":1760,"featured_media":0,"comment_status":"closed","ping_status":"closed","sticky":false,"template":"","format":"standard","meta":{"fifu_image_url":"","fifu_image_alt":"","footnotes":""},"categories":[73,54],"tags":[],"class_list":["post-124798","post","type-post","status-publish","format-standard","hentry","category-actualite","category-maroc"],"_links":{"self":[{"href":"https:\/\/linitiative.ca\/International\/wp-json\/wp\/v2\/posts\/124798","targetHints":{"allow":["GET"]}}],"collection":[{"href":"https:\/\/linitiative.ca\/International\/wp-json\/wp\/v2\/posts"}],"about":[{"href":"https:\/\/linitiative.ca\/International\/wp-json\/wp\/v2\/types\/post"}],"author":[{"embeddable":true,"href":"https:\/\/linitiative.ca\/International\/wp-json\/wp\/v2\/users\/1760"}],"replies":[{"embeddable":true,"href":"https:\/\/linitiative.ca\/International\/wp-json\/wp\/v2\/comments?post=124798"}],"version-history":[{"count":0,"href":"https:\/\/linitiative.ca\/International\/wp-json\/wp\/v2\/posts\/124798\/revisions"}],"wp:attachment":[{"href":"https:\/\/linitiative.ca\/International\/wp-json\/wp\/v2\/media?parent=124798"}],"wp:term":[{"taxonomy":"category","embeddable":true,"href":"https:\/\/linitiative.ca\/International\/wp-json\/wp\/v2\/categories?post=124798"},{"taxonomy":"post_tag","embeddable":true,"href":"https:\/\/linitiative.ca\/International\/wp-json\/wp\/v2\/tags?post=124798"}],"curies":[{"name":"wp","href":"https:\/\/api.w.org\/{rel}","templated":true}]}}