{"id":124799,"date":"2021-08-22T10:44:43","date_gmt":"2021-08-22T14:44:43","guid":{"rendered":"https:\/\/linitiative.ca\/International\/le-camarade-mohamed-idihya-tire-sa-reverence\/"},"modified":"2021-08-22T10:44:43","modified_gmt":"2021-08-22T14:44:43","slug":"le-camarade-mohamed-idihya-tire-sa-reverence","status":"publish","type":"post","link":"https:\/\/linitiative.ca\/International\/le-camarade-mohamed-idihya-tire-sa-reverence\/","title":{"rendered":"Le camarade Mohamed IDIHYA tire sa r\u00e9v\u00e9rence"},"content":{"rendered":"<div>\n<p class=\"has-text-align-center has-vivid-red-color has-text-color\"><strong>Le PPS en deuil<\/strong><\/p>\n<p><strong>C\u2019est avec une profonde tristesse et une grande \u00e9motion que le Parti du Progr\u00e8s et du Socialisme annonce le d\u00e9c\u00e8s,\u00a0 dimanche 22 ao\u00fbt, de notre camarade Mohamed Idihya, membre du Comit\u00e9 central. Il \u00e9tait connu pour son attachement et sa fid\u00e9lit\u00e9 sans failles au Parti. Que Dieu lui accorde Sa Sainte mis\u00e9ricorde.<\/strong><\/p>\n<p><strong>En ces moments de grande tristesse, le camarade Mohamed Nabil Benabdallah, Secr\u00e9taire g\u00e9n\u00e9ral du Parti, exprime, en son nom et au nom de toutes les militantes et les militants du PPS, ses sinc\u00e8res condol\u00e9ances et partage la douleur de la s\u00e9paration, avec son \u00e9pouse, la camarade Kaltouma, ses deux filles, Rabab et Asmaa, son fils Younes, et avec tous les membres de la famille combattante des Idihya, ainsi qu\u2019avec toutes les militantes et militants du Parti \u00e0 Tiznit et dans la r\u00e9gion de Souss-Massa.<\/strong><\/p>\n<p><strong>Le Parti du Progr\u00e8s et du Socialisme, afflig\u00e9 par cette cruelle disparition, rappelle avec r\u00e9v\u00e9rence les m\u00e9rites du militant d\u00e9c\u00e9d\u00e9, paix \u00e0 son \u00e2me, qui t\u00e9moignent de son combat sinc\u00e8re, de son dynamisme \u00e9clatant et de sa personnalit\u00e9 pure. Le regrett\u00e9 d\u00e9funt \u00e9tait \u00e9galement connu pour son abn\u00e9gation, son attachement loyal aux valeurs et aux principes du Parti ainsi que par sa pers\u00e9v\u00e9rance \u00e0 d\u00e9fendre et \u00e0 faire triompher la v\u00e9rit\u00e9.<\/strong><\/p>\n<p><strong>Le Parti du Progr\u00e8s et du Socialisme continuera \u00e0 pr\u00e9server la m\u00e9moire de ce vaillant combattant, descendant de cette famille militante, dont la vie a \u00e9t\u00e9 marqu\u00e9e par une riche lutte dans l\u2019espace partisan et associatif, ainsi que dans la sc\u00e8ne et sur le terrain de la lutte politique et quotidienne dans la ville militante de Tiznit.<\/strong><\/p>\n<p><strong>Le d\u00e9funt \u00e9tait \u00e9galement r\u00e9put\u00e9 par ses responsabilit\u00e9s au sein du Parti et son engagement dans plusieurs associations de la soci\u00e9t\u00e9 civile, notamment dans les domaines de l\u2019\u00e9ducation, de la solidarit\u00e9 sociale et de la pr\u00e9servation des monuments historiques et religieux, en plus de son grand int\u00e9r\u00eat pour le d\u00e9veloppement de l\u2019urbanisme dans toutes ses dimensions.<\/strong><\/p>\n<p><strong>Notre regrett\u00e9 d\u00e9funt a \u00e9t\u00e9 \u00e9lu, \u00e0 plusieurs reprises et jusqu\u2019\u00e0 son d\u00e9c\u00e8s, membre du\u00a0 comit\u00e9 central du PPS, incarnant ainsi le mod\u00e8le du militant organique. Il a \u00e9galement \u00e9t\u00e9 \u00e9lu, membre du conseil municipal de la ville de Tiznit, o\u00f9 il a si\u00e9g\u00e9, de mani\u00e8re continue, depuis les ann\u00e9es soixante-dix du si\u00e8cle dernier.<\/strong><\/p>\n<p><strong>Il a \u00e9t\u00e9 l\u2019une des figures militantes les plus en vue et connues \u00e0 Tiznit, localement dans la province, dont la population reconnait ses apports en tant que militant imbu des valeurs humaines et progressistes, gr\u00e2ce \u00e0 son ouverture et \u00e0 ses convictions en mati\u00e8re des valeurs de tol\u00e9rance et de dialogue, ainsi que son combat pour la d\u00e9mocratie, le d\u00e9veloppement, l\u2019\u00e9galit\u00e9, la justice et la dignit\u00e9.<\/strong><\/p>\n<p><strong>Ce sont ces qualit\u00e9s et valeurs qui l\u2019ont rendu populaire aupr\u00e8s de tous. Il a constitu\u00e9, de son vivant, une \u00e9cole pour les jeunes dans le domaine de la communication, de l\u2019organisation, de la prise des initiatives, de la confiance en soi et de l\u2019optimisme.<\/strong><\/p>\n<p><strong>En cette douloureuse circonstance, le Secr\u00e9taire g\u00e9n\u00e9ral du PPS, le bureau politique, le comit\u00e9 central et toutes les militantes et les militants\u00a0 du Parti pr\u00e9sentent leurs plus sinc\u00e8res condol\u00e9ances et sentiments de sympathie \u00e0 l\u2019\u00e9pouse et \u00e0 la famille de notre d\u00e9funt disparu, implorant le Tout Puissant d\u2019accorder mis\u00e9ricorde au d\u00e9funt et compassion et r\u00e9confort aux siens.<\/strong><\/p>\n<p class=\"has-text-color\" style=\"color:#076845\"><strong>\u00abNous sommes \u00e0 Dieu et c\u2019est \u00e0 Lui que nous retournons\u00bb.<\/strong><\/p>\n<p>L\u2019article <a rel=\"nofollow\" href=\"http:\/\/albayane.press.ma\/le-camarade-mohamed-idihya-tire-sa-reverence.html\">Le camarade Mohamed IDIHYA tire sa r\u00e9v\u00e9rence<\/a> est apparu en premier sur <a rel=\"nofollow\" href=\"http:\/\/albayane.press.ma\/\">ALBAYANE<\/a>.<\/p>\n<\/div>\n<p>Auteur: M&rsquo;hammed rahal<br \/>\n<a href=\"http:\/\/albayane.press.ma\/le-camarade-mohamed-idihya-tire-sa-reverence.html\">Cliquez ici pour lire l&rsquo;article depuis sa source.<\/a><\/p>\n","protected":false},"excerpt":{"rendered":"<p>Le PPS en deuil C\u2019est avec une profonde tristesse et une grande \u00e9motion que le Parti du Progr\u00e8s et du Socialisme annonce le d\u00e9c\u00e8s,\u00a0 dimanche 22 ao\u00fbt, de notre camarade Mohamed Idihya, membre du Comit\u00e9 central. Il \u00e9tait connu pour son attachement et sa fid\u00e9lit\u00e9 sans failles au Parti. Que Dieu lui accorde Sa Sainte [&hellip;]<\/p>\n","protected":false},"author":1760,"featured_media":0,"comment_status":"closed","ping_status":"closed","sticky":false,"template":"","format":"standard","meta":{"fifu_image_url":"","fifu_image_alt":"","footnotes":""},"categories":[73,54],"tags":[],"class_list":["post-124799","post","type-post","status-publish","format-standard","hentry","category-actualite","category-maroc"],"_links":{"self":[{"href":"https:\/\/linitiative.ca\/International\/wp-json\/wp\/v2\/posts\/124799","targetHints":{"allow":["GET"]}}],"collection":[{"href":"https:\/\/linitiative.ca\/International\/wp-json\/wp\/v2\/posts"}],"about":[{"href":"https:\/\/linitiative.ca\/International\/wp-json\/wp\/v2\/types\/post"}],"author":[{"embeddable":true,"href":"https:\/\/linitiative.ca\/International\/wp-json\/wp\/v2\/users\/1760"}],"replies":[{"embeddable":true,"href":"https:\/\/linitiative.ca\/International\/wp-json\/wp\/v2\/comments?post=124799"}],"version-history":[{"count":0,"href":"https:\/\/linitiative.ca\/International\/wp-json\/wp\/v2\/posts\/124799\/revisions"}],"wp:attachment":[{"href":"https:\/\/linitiative.ca\/International\/wp-json\/wp\/v2\/media?parent=124799"}],"wp:term":[{"taxonomy":"category","embeddable":true,"href":"https:\/\/linitiative.ca\/International\/wp-json\/wp\/v2\/categories?post=124799"},{"taxonomy":"post_tag","embeddable":true,"href":"https:\/\/linitiative.ca\/International\/wp-json\/wp\/v2\/tags?post=124799"}],"curies":[{"name":"wp","href":"https:\/\/api.w.org\/{rel}","templated":true}]}}