{"id":124800,"date":"2021-08-22T10:50:29","date_gmt":"2021-08-22T14:50:29","guid":{"rendered":"https:\/\/linitiative.ca\/International\/entierement-maitrise-lincendie-a-ravage-1200-hectares-de-vegetation\/"},"modified":"2021-08-22T10:50:29","modified_gmt":"2021-08-22T14:50:29","slug":"entierement-maitrise-lincendie-a-ravage-1200-hectares-de-vegetation","status":"publish","type":"post","link":"https:\/\/linitiative.ca\/International\/entierement-maitrise-lincendie-a-ravage-1200-hectares-de-vegetation\/","title":{"rendered":"Enti\u00e8rement ma\u00eetris\u00e9, l\u2019incendie a ravag\u00e9 1200 hectares de v\u00e9g\u00e9tation"},"content":{"rendered":"<div>\n<p class=\"has-text-align-center has-vivid-red-color has-text-color\"><strong>Feu de for\u00eat \u00e0 Chefchaouen<\/strong><\/p>\n<p class=\"has-text-align-right\"><strong>KBA<\/strong><\/p>\n<p class=\"has-text-color\" style=\"color:#0644e5\"><strong>Cinq jours apr\u00e8s son d\u00e9clenchement, l\u2019incendie qui s\u2019est d\u00e9clar\u00e9 dans la for\u00eat de Sgouna, dans la province de Chefchaouen, samedi 14<\/strong><strong> ao\u00fbt<\/strong><strong> vers 14H30, a \u00e9t\u00e9 enti\u00e8rement ma\u00eetris\u00e9. Ce feu de for\u00eat a ravag\u00e9 sur son passage quelques 1200 hectares de v\u00e9g\u00e9tation, annonce le d\u00e9partement des eaux et for\u00eat \u00a0<\/strong><strong>gr\u00e2ce<\/strong><strong> au travail acharn\u00e9 <\/strong><strong>des \u00e9quipes d\u2019intervention<\/strong><strong> au sol, et aux avions <\/strong><strong>Canadairs <\/strong><strong>en soutien a\u00e9rien, le pire a \u00e9t\u00e9 \u00e9vit\u00e9.<\/strong><\/p>\n<p>Un ouf de soulagement. Le feu de for\u00eat qui a ravag\u00e9 la foret de Jbel Soukna a \u00e9t\u00e9 totalement ma\u00eetris\u00e9 5 jours apr\u00e8s son d\u00e9clenchement.<\/p>\n<p>Pour venir \u00e0 bout des flammes, pas moins de 520 \u00e9l\u00e9ments ont \u00e9t\u00e9 mobilis\u00e9s sur place afin de contenir la propagation, nettement favoris\u00e9e par la force des vents, la brousse ass\u00e9ch\u00e9e et la r\u00e9sine de certaines esp\u00e8ces d\u2019arbres et arbustes.<\/p>\n<p>Le soutien d\u2019avions sp\u00e9cialis\u00e9s dans la lutte contre les feux de for\u00eat a largement contribu\u00e9 au contr\u00f4le d\u00e9finitif du feu. A la pointe de la technologie,\u00a0 le Canadair CL-415 dont le Maroc est l\u2019un des rares pays acqu\u00e9reurs de ces appareils. Dot\u00e9 d\u2019\u00e9quipements de derni\u00e8re g\u00e9n\u00e9ration, l\u2019appareil a prouv\u00e9 plus d\u2019une fois \u00e0 travers le monde son efficacit\u00e9 face aux incendies ravageurs.<\/p>\n<p>Le Commandant d\u2019escadron de lutte anti-feu (ELAF), le colonel Rachid Ghennioui, lors d\u2019une rencontre avec la presse \u00e0 l\u2019a\u00e9roport Ibn Battouta de Tanger au lendemain de la ma\u00eetrise de l\u2019incendie de Sgouna, a d\u00e9clar\u00e9 que \u00able Maroc est dot\u00e9 d\u2019un plan national de protection et de lutte contre les feux de for\u00eat qui d\u00e9finit avec pr\u00e9cision le r\u00f4le de chaque intervenant et les mesures \u00e0 entreprendre. Il a aussi\u00a0salu\u00e9 la comp\u00e9tence et l\u2019expertise technique des \u00e9l\u00e9ments des FRA en mati\u00e8re de lutte contre les incendies. Il ajoute que c\u2019est au gr\u00e9 de leurs multiples interventions tant au Maroc (feux de for\u00eats dans le nord comme dans les oasis du sud du Royaume,) qu\u2019\u00e0 l\u2019\u00e9tranger, notamment en Espagne, en Italie et au Portugal qu\u2019ils ont affut\u00e9 leurs atouts.<\/p>\n<p>Le lieutenant-colonel Rachid Alilou, pilote et instructeur sur avion bombardier CL-415, a affirm\u00e9 que les avions Canadair sont en alerte permanente, certifiant que les pilotes et les techniciens sont mobilis\u00e9s dans les 30 minutes qui suivent.<\/p>\n<p>\u00abNous travaillons en groupe par patrouille de deux \u00e0 quatre avions selon l\u2019intensit\u00e9 de l\u2019incendie et la configuration du terrain\u00bb, poursuit-il.<\/p>\n<p>Le pilote-instructeur rappelle que lors du d\u00e9clenchement du dernier incendie de Derdara, les FRA ont mobilis\u00e9 quatre Canadairs, la priorit\u00e9 au d\u00e9part \u00e9tant de prot\u00e9ger les vies humaines et les biens des populations et l\u2019arr\u00eat de la progression du feu vers les zones habit\u00e9es.<\/p>\n<p>\u00abPendant cinq jours, nous avons particip\u00e9 efficacement \u00e0 circonscrire, puis \u00e9teindre cet incendie, en effectuant 310 largages, soit 1860 tonnes d\u2019eau\u00bb. Et d\u2019ajouter que \u00a0l\u2019op\u00e9ration s\u2019est bien d\u00e9roul\u00e9e \u00abgr\u00e2ce aux efforts combin\u00e9s des \u00e9quipages et des diff\u00e9rentes \u00e9quipes au sol sans la moindre perte humaine\u00bb.<\/p>\n<p>Une enqu\u00eate a \u00e9t\u00e9 ouverte pour d\u00e9terminer les causes de l\u2019incendie qui n\u2019a fait aucune victime humaine. Les temp\u00e9ratures \u00e9lev\u00e9es et les vents peuvent avoir constitu\u00e9 des \u00e9l\u00e9ments d\u00e9clencheurs. Une vague de chaleur traverse le pays avec des temp\u00e9ratures records, enregistr\u00e9es entre jeudi et mardi, dans plusieurs villes<em>, \u00abd\u00e9passant la normale mensuelle de 5 \u00e0 12 degr\u00e9s<\/em>\u00bb, a indiqu\u00e9 mardi 17 ao\u00fbt la direction de la m\u00e9t\u00e9orologie. Une vague de chaleur \u00ab<em>exceptionnelle<\/em><em>\u00bb<\/em>\u00a0<em>entre le 9 et le 11 juillet avait d\u00e9j\u00e0<\/em><em>\u00a0<\/em><em>\u00abfavoris\u00e9 le d\u00e9clenchement de 20 feux<\/em>\u00bb dans le royaume, incendiant 1200 hectares de for\u00eats, selon le D\u00e9partement des eaux et for\u00eats.<\/p>\n<p>Le bassin m\u00e9diterran\u00e9en est touch\u00e9 ces derni\u00e8res semaines par des feux, notamment en France, en Espagne, en Gr\u00e8ce et en Alg\u00e9rie. Le r\u00e9chauffement du climat augmente la probabilit\u00e9 des canicules et des s\u00e9cheresses et par cons\u00e9quent, des incendies.<\/p>\n<p>L\u2019article <a rel=\"nofollow\" href=\"http:\/\/albayane.press.ma\/entierement-maitrise-lincendie-a-ravage-1200-hectares-de-vegetation.html\">Enti\u00e8rement ma\u00eetris\u00e9, l\u2019incendie a ravag\u00e9 1200 hectares de v\u00e9g\u00e9tation<\/a> est apparu en premier sur <a rel=\"nofollow\" href=\"http:\/\/albayane.press.ma\/\">ALBAYANE<\/a>.<\/p>\n<\/div>\n<p>Auteur: M&rsquo;hammed rahal<br \/>\n<a href=\"http:\/\/albayane.press.ma\/entierement-maitrise-lincendie-a-ravage-1200-hectares-de-vegetation.html\">Cliquez ici pour lire l&rsquo;article depuis sa source.<\/a><\/p>\n","protected":false},"excerpt":{"rendered":"<p>Feu de for\u00eat \u00e0 Chefchaouen KBA Cinq jours apr\u00e8s son d\u00e9clenchement, l\u2019incendie qui s\u2019est d\u00e9clar\u00e9 dans la for\u00eat de Sgouna, dans la province de Chefchaouen, samedi 14 ao\u00fbt vers 14H30, a \u00e9t\u00e9 enti\u00e8rement ma\u00eetris\u00e9. Ce feu de for\u00eat a ravag\u00e9 sur son passage quelques 1200 hectares de v\u00e9g\u00e9tation, annonce le d\u00e9partement des eaux et for\u00eat [&hellip;]<\/p>\n","protected":false},"author":1760,"featured_media":0,"comment_status":"closed","ping_status":"closed","sticky":false,"template":"","format":"standard","meta":{"fifu_image_url":"","fifu_image_alt":"","footnotes":""},"categories":[73,54],"tags":[],"class_list":["post-124800","post","type-post","status-publish","format-standard","hentry","category-actualite","category-maroc"],"_links":{"self":[{"href":"https:\/\/linitiative.ca\/International\/wp-json\/wp\/v2\/posts\/124800","targetHints":{"allow":["GET"]}}],"collection":[{"href":"https:\/\/linitiative.ca\/International\/wp-json\/wp\/v2\/posts"}],"about":[{"href":"https:\/\/linitiative.ca\/International\/wp-json\/wp\/v2\/types\/post"}],"author":[{"embeddable":true,"href":"https:\/\/linitiative.ca\/International\/wp-json\/wp\/v2\/users\/1760"}],"replies":[{"embeddable":true,"href":"https:\/\/linitiative.ca\/International\/wp-json\/wp\/v2\/comments?post=124800"}],"version-history":[{"count":0,"href":"https:\/\/linitiative.ca\/International\/wp-json\/wp\/v2\/posts\/124800\/revisions"}],"wp:attachment":[{"href":"https:\/\/linitiative.ca\/International\/wp-json\/wp\/v2\/media?parent=124800"}],"wp:term":[{"taxonomy":"category","embeddable":true,"href":"https:\/\/linitiative.ca\/International\/wp-json\/wp\/v2\/categories?post=124800"},{"taxonomy":"post_tag","embeddable":true,"href":"https:\/\/linitiative.ca\/International\/wp-json\/wp\/v2\/tags?post=124800"}],"curies":[{"name":"wp","href":"https:\/\/api.w.org\/{rel}","templated":true}]}}