{"id":124801,"date":"2021-08-22T10:58:47","date_gmt":"2021-08-22T14:58:47","guid":{"rendered":"https:\/\/linitiative.ca\/International\/benabdallah-en-premiere-ligne\/"},"modified":"2021-08-22T10:58:47","modified_gmt":"2021-08-22T14:58:47","slug":"benabdallah-en-premiere-ligne","status":"publish","type":"post","link":"https:\/\/linitiative.ca\/International\/benabdallah-en-premiere-ligne\/","title":{"rendered":"Benabdallah en premi\u00e8re ligne"},"content":{"rendered":"<div>\n<p class=\"has-text-align-center has-vivid-red-color has-text-color\"><strong>Dans la bataille d\u00e9mocratique<\/strong><\/p>\n<p class=\"has-text-color\" style=\"color:#0644e5\"><strong>Le Secr\u00e9taire g\u00e9n\u00e9ral du Parti du progr\u00e8s et du socialisme (PPS), Mohamed Nabil Benabdallah, a d\u00e9cid\u00e9 de se porter candidat aux prochaines \u00e9lections l\u00e9gislatives, et ce \u00e0 la circonscription de l\u2019Oc\u00e9an \u00e0 Rabat. L\u2019annonce de cette\u00a0 nouvelle a \u00e9t\u00e9 faite sur la page officielle du Parti sur Facebook.<\/strong><\/p>\n<p class=\"has-text-color\" style=\"color:#0644e5\"><strong>Le Parti du Livre entamera cette bataille d\u00e9mocratique pour la d\u00e9fense de ses principes, ses id\u00e9es et son programme, en aspirant que ses candidates et candidats gagneront la confiance des citoyennes et citoyens afin de faire face au diktat de la corruption et de l\u2019argent. Et de souligner qu\u2019il est tout \u00e0 fait normal que le Secr\u00e9taire g\u00e9n\u00e9ral du Parti soit en premi\u00e8re ligne de cette bataille.<\/strong><\/p>\n<p>L\u2019article <a rel=\"nofollow\" href=\"http:\/\/albayane.press.ma\/benabdallah-en-premiere-ligne.html\">Benabdallah en premi\u00e8re ligne<\/a> est apparu en premier sur <a rel=\"nofollow\" href=\"http:\/\/albayane.press.ma\/\">ALBAYANE<\/a>.<\/p>\n<\/div>\n<p>Auteur: M&rsquo;hammed rahal<br \/>\n<a href=\"http:\/\/albayane.press.ma\/benabdallah-en-premiere-ligne.html\">Cliquez ici pour lire l&rsquo;article depuis sa source.<\/a><\/p>\n","protected":false},"excerpt":{"rendered":"<p>Dans la bataille d\u00e9mocratique Le Secr\u00e9taire g\u00e9n\u00e9ral du Parti du progr\u00e8s et du socialisme (PPS), Mohamed Nabil Benabdallah, a d\u00e9cid\u00e9 de se porter candidat aux prochaines \u00e9lections l\u00e9gislatives, et ce \u00e0 la circonscription de l\u2019Oc\u00e9an \u00e0 Rabat. L\u2019annonce de cette\u00a0 nouvelle a \u00e9t\u00e9 faite sur la page officielle du Parti sur Facebook. Le Parti du [&hellip;]<\/p>\n","protected":false},"author":1760,"featured_media":0,"comment_status":"closed","ping_status":"closed","sticky":false,"template":"","format":"standard","meta":{"fifu_image_url":"","fifu_image_alt":"","footnotes":""},"categories":[73,54],"tags":[],"class_list":["post-124801","post","type-post","status-publish","format-standard","hentry","category-actualite","category-maroc"],"_links":{"self":[{"href":"https:\/\/linitiative.ca\/International\/wp-json\/wp\/v2\/posts\/124801","targetHints":{"allow":["GET"]}}],"collection":[{"href":"https:\/\/linitiative.ca\/International\/wp-json\/wp\/v2\/posts"}],"about":[{"href":"https:\/\/linitiative.ca\/International\/wp-json\/wp\/v2\/types\/post"}],"author":[{"embeddable":true,"href":"https:\/\/linitiative.ca\/International\/wp-json\/wp\/v2\/users\/1760"}],"replies":[{"embeddable":true,"href":"https:\/\/linitiative.ca\/International\/wp-json\/wp\/v2\/comments?post=124801"}],"version-history":[{"count":0,"href":"https:\/\/linitiative.ca\/International\/wp-json\/wp\/v2\/posts\/124801\/revisions"}],"wp:attachment":[{"href":"https:\/\/linitiative.ca\/International\/wp-json\/wp\/v2\/media?parent=124801"}],"wp:term":[{"taxonomy":"category","embeddable":true,"href":"https:\/\/linitiative.ca\/International\/wp-json\/wp\/v2\/categories?post=124801"},{"taxonomy":"post_tag","embeddable":true,"href":"https:\/\/linitiative.ca\/International\/wp-json\/wp\/v2\/tags?post=124801"}],"curies":[{"name":"wp","href":"https:\/\/api.w.org\/{rel}","templated":true}]}}