{"id":124804,"date":"2021-08-22T05:11:57","date_gmt":"2021-08-22T09:11:57","guid":{"rendered":"https:\/\/linitiative.ca\/International\/previsions-meteorologiques-pour-le-dimanche-22-aout\/"},"modified":"2021-08-22T05:11:57","modified_gmt":"2021-08-22T09:11:57","slug":"previsions-meteorologiques-pour-le-dimanche-22-aout","status":"publish","type":"post","link":"https:\/\/linitiative.ca\/International\/previsions-meteorologiques-pour-le-dimanche-22-aout\/","title":{"rendered":"Pr\u00e9visions m\u00e9t\u00e9orologiques pour le dimanche 22 ao\u00fbt"},"content":{"rendered":"<div>\n<div style=\"margin-bottom:20px;\"><img loading=\"lazy\" decoding=\"async\" width=\"7505\" height=\"4303\" src=\"https:\/\/linitiative.ca\/International\/wp-content\/uploads\/sites\/23\/2021\/08\/prC3A9visions-mC3A9tC3A9orologiques-copier.jpg\" class=\"attachment-post-thumbnail size-post-thumbnail wp-post-image\" alt=\"\" srcset=\"https:\/\/linitiative.ca\/International\/wp-content\/uploads\/sites\/23\/2021\/08\/prC3A9visions-mC3A9tC3A9orologiques-copier.jpg 7505w, http:\/\/www.mapmarrakech.ma\/map\/uploads\/2021\/08\/pr\u00e9visions-m\u00e9t\u00e9orologiques-copier-300x172.jpg 300w, http:\/\/www.mapmarrakech.ma\/map\/uploads\/2021\/08\/pr\u00e9visions-m\u00e9t\u00e9orologiques-copier-768x440.jpg 768w, http:\/\/www.mapmarrakech.ma\/map\/uploads\/2021\/08\/pr\u00e9visions-m\u00e9t\u00e9orologiques-copier-1024x587.jpg 1024w, http:\/\/www.mapmarrakech.ma\/map\/uploads\/2021\/08\/pr\u00e9visions-m\u00e9t\u00e9orologiques-copier-750x430.jpg 750w\" sizes=\"auto, (max-width: 7505px) 100vw, 7505px\"><\/div>\n<p>\u2013 Temps assez chaud sur le Sud-Est et l\u2019extr\u00eame Sud du pays.<\/p>\n<p>\u2013 Nuages bas et formations brumeuses pr\u00e8s des c\u00f4tes et sur les plaines atlantiques Nord et Centre.<\/p>\n<p>\u2013 Nuages instables sur le Haut et le Moyen Atlas et le Saiss avec ond\u00e9es et orages par endroits.<\/p>\n<p>\u2013 Temps passag\u00e8rement nuageux sur la M\u00e9diterran\u00e9e et le nord-ouest avec possibilit\u00e9 de quelques gouttes \u00e9parses et ciel clair \u00e0 peu nuageux sur le reste du pays.<\/p>\n<p>\u2013 Chasse sable par endroits sur le sud de l\u2019Oriental, le Sud-Est et les provinces Sud.<\/p>\n<p>\u2013 Rafales de vents assez fortes sur les c\u00f4tes centre, le Sud-Est, le Sud de l\u2019Oriental, l\u2019Atlas et les provinces Sud.<\/p>\n<p>\u2013 Temp\u00e9ratures minimales de l\u2019ordre de 25\/34\u00b0C sur le Sud-Est et l\u2019int\u00e9rieur des provinces Sud, de 15\/20\u00b0C sur l\u2019Atlas et sur les r\u00e9gions Centre et de 20\/25\u00b0C ailleurs.<\/p>\n<p>\u2013 Temp\u00e9ratures maximales de l\u2019ordre de 32\/37\u00b0C sur l\u2019int\u00e9rieur du Souss, le Saiss, Rhamna, les plaines de Tadla et les plateaux de phosphates, de 26\/32\u00b0C sur l\u2019Atlas et pr\u00e8s des c\u00f4tes et de 38\/42 \u00b0C sur le Sud-est et le Sud.<\/p>\n<p>\u2013 Mer belle \u00e0 peu agit\u00e9e sur la M\u00e9diterran\u00e9e et le D\u00e9troit et peu agit\u00e9e \u00e0 agit\u00e9e ailleurs sur les c\u00f4tes atlantiques.<\/p>\n<p>The post <a rel=\"nofollow\" href=\"http:\/\/www.mapmarrakech.ma\/fr\/previsions-meteorologiques-pour-le-dimanche-22-aout\/\">Pr\u00e9visions m\u00e9t\u00e9orologiques pour le dimanche 22 ao\u00fbt<\/a> appeared first on <a rel=\"nofollow\" href=\"http:\/\/www.mapmarrakech.ma\/fr\">MapMarrakech<\/a>.<\/p>\n<\/div>\n<p>Auteur: Mohammed KOURSI<br \/>\n<a href=\"http:\/\/www.mapmarrakech.ma\/fr\/previsions-meteorologiques-pour-le-dimanche-22-aout\/\">Cliquez ici pour lire l&rsquo;article depuis sa source.<\/a><\/p>\n","protected":false},"excerpt":{"rendered":"<p>\u2013 Temps assez chaud sur le Sud-Est et l\u2019extr\u00eame Sud du pays. \u2013 Nuages bas et formations brumeuses pr\u00e8s des c\u00f4tes et sur les plaines atlantiques Nord et Centre. \u2013 Nuages instables sur le Haut et le Moyen Atlas et le Saiss avec ond\u00e9es et orages par endroits. \u2013 Temps passag\u00e8rement nuageux sur la M\u00e9diterran\u00e9e [&hellip;]<\/p>\n","protected":false},"author":1788,"featured_media":0,"comment_status":"closed","ping_status":"closed","sticky":false,"template":"","format":"standard","meta":{"fifu_image_url":"http:\/\/www.mapmarrakech.ma\/map\/uploads\/2021\/08\/pr\u00e9visions-m\u00e9t\u00e9orologiques-copier.jpg","fifu_image_alt":"Pr\u00e9visions m\u00e9t\u00e9orologiques pour le dimanche 22 ao\u00fbt","footnotes":""},"categories":[54,76],"tags":[],"class_list":["post-124804","post","type-post","status-publish","format-standard","hentry","category-maroc","category-regions"],"_links":{"self":[{"href":"https:\/\/linitiative.ca\/International\/wp-json\/wp\/v2\/posts\/124804","targetHints":{"allow":["GET"]}}],"collection":[{"href":"https:\/\/linitiative.ca\/International\/wp-json\/wp\/v2\/posts"}],"about":[{"href":"https:\/\/linitiative.ca\/International\/wp-json\/wp\/v2\/types\/post"}],"author":[{"embeddable":true,"href":"https:\/\/linitiative.ca\/International\/wp-json\/wp\/v2\/users\/1788"}],"replies":[{"embeddable":true,"href":"https:\/\/linitiative.ca\/International\/wp-json\/wp\/v2\/comments?post=124804"}],"version-history":[{"count":0,"href":"https:\/\/linitiative.ca\/International\/wp-json\/wp\/v2\/posts\/124804\/revisions"}],"wp:attachment":[{"href":"https:\/\/linitiative.ca\/International\/wp-json\/wp\/v2\/media?parent=124804"}],"wp:term":[{"taxonomy":"category","embeddable":true,"href":"https:\/\/linitiative.ca\/International\/wp-json\/wp\/v2\/categories?post=124804"},{"taxonomy":"post_tag","embeddable":true,"href":"https:\/\/linitiative.ca\/International\/wp-json\/wp\/v2\/tags?post=124804"}],"curies":[{"name":"wp","href":"https:\/\/api.w.org\/{rel}","templated":true}]}}