{"id":124816,"date":"2021-08-22T03:04:12","date_gmt":"2021-08-22T07:04:12","guid":{"rendered":"https:\/\/linitiative.ca\/International\/coupe-mohammed-vi-le-raja-recoit-les-felicitations-royales\/"},"modified":"2021-08-22T03:04:12","modified_gmt":"2021-08-22T07:04:12","slug":"coupe-mohammed-vi-le-raja-recoit-les-felicitations-royales","status":"publish","type":"post","link":"https:\/\/linitiative.ca\/International\/coupe-mohammed-vi-le-raja-recoit-les-felicitations-royales\/","title":{"rendered":"Coupe Mohammed VI: Le Raja re\u00e7oit les f\u00e9licitations royales"},"content":{"rendered":"<div>\n<div class=\"field field-name-body field-type-text-with-summary field-label-hidden\">\n<div class=\"field-items\">\n<div class=\"field-item even\" property=\"content:encoded\">\n<p class=\"rtejustify\">Apr\u00e8s son sacre samedi soir \u00e0 Rabat en finale de la Coupe arabe des clubs champions (Coupe Mohammed VI), le Raja Casablanca a re\u00e7u les f\u00e9licitations royales. Dans son message de f\u00e9licitations, le Souverain exprime \u00ab\u00a0ses chaleureuses f\u00e9licitations aux membres de l&rsquo;\u00e9quipe casablancaise, et \u00e0 travers eux \u00e0 l&rsquo;ensemble de ses composantes, ainsi qu&rsquo;\u00e0 son large public, pour ce nouvel exploit footballistique, qui vient consacrer le leadership du club du Raja au niveau arabe apr\u00e8s sa derni\u00e8re cons\u00e9cration continentale\u00a0\u00bb.<\/p>\n<\/div>\n<\/div>\n<\/div>\n<\/div>\n<p>Auteur: hgueye<br \/>\n<a href=\"https:\/\/www.leconomiste.com\/flash-infos\/coupe-mohammed-vi-le-raja-recoit-les-felicitations-royales\">Cliquez ici pour lire l&rsquo;article depuis sa source.<\/a><\/p>\n","protected":false},"excerpt":{"rendered":"<p>Apr\u00e8s son sacre samedi soir \u00e0 Rabat en finale de la Coupe arabe des clubs champions (Coupe Mohammed VI), le Raja Casablanca a re\u00e7u les f\u00e9licitations royales. Dans son message de f\u00e9licitations, le Souverain exprime \u00ab\u00a0ses chaleureuses f\u00e9licitations aux membres de l&rsquo;\u00e9quipe casablancaise, et \u00e0 travers eux \u00e0 l&rsquo;ensemble de ses composantes, ainsi qu&rsquo;\u00e0 son [&hellip;]<\/p>\n","protected":false},"author":1763,"featured_media":0,"comment_status":"closed","ping_status":"closed","sticky":false,"template":"","format":"standard","meta":{"fifu_image_url":"","fifu_image_alt":"","footnotes":""},"categories":[78,54],"tags":[],"class_list":["post-124816","post","type-post","status-publish","format-standard","hentry","category-economie","category-maroc"],"_links":{"self":[{"href":"https:\/\/linitiative.ca\/International\/wp-json\/wp\/v2\/posts\/124816","targetHints":{"allow":["GET"]}}],"collection":[{"href":"https:\/\/linitiative.ca\/International\/wp-json\/wp\/v2\/posts"}],"about":[{"href":"https:\/\/linitiative.ca\/International\/wp-json\/wp\/v2\/types\/post"}],"author":[{"embeddable":true,"href":"https:\/\/linitiative.ca\/International\/wp-json\/wp\/v2\/users\/1763"}],"replies":[{"embeddable":true,"href":"https:\/\/linitiative.ca\/International\/wp-json\/wp\/v2\/comments?post=124816"}],"version-history":[{"count":0,"href":"https:\/\/linitiative.ca\/International\/wp-json\/wp\/v2\/posts\/124816\/revisions"}],"wp:attachment":[{"href":"https:\/\/linitiative.ca\/International\/wp-json\/wp\/v2\/media?parent=124816"}],"wp:term":[{"taxonomy":"category","embeddable":true,"href":"https:\/\/linitiative.ca\/International\/wp-json\/wp\/v2\/categories?post=124816"},{"taxonomy":"post_tag","embeddable":true,"href":"https:\/\/linitiative.ca\/International\/wp-json\/wp\/v2\/tags?post=124816"}],"curies":[{"name":"wp","href":"https:\/\/api.w.org\/{rel}","templated":true}]}}