{"id":124817,"date":"2021-08-22T04:50:07","date_gmt":"2021-08-22T08:50:07","guid":{"rendered":"https:\/\/linitiative.ca\/International\/tanger-les-pharmacies-ouvertes-les-samedis-et-les-jours-feries\/"},"modified":"2021-08-22T04:50:07","modified_gmt":"2021-08-22T08:50:07","slug":"tanger-les-pharmacies-ouvertes-les-samedis-et-les-jours-feries","status":"publish","type":"post","link":"https:\/\/linitiative.ca\/International\/tanger-les-pharmacies-ouvertes-les-samedis-et-les-jours-feries\/","title":{"rendered":"Tanger: Les pharmacies ouvertes les samedis et les jours f\u00e9ri\u00e9s"},"content":{"rendered":"<div>\n<div class=\"field field-name-body field-type-text-with-summary field-label-hidden\">\n<div class=\"field-items\">\n<div class=\"field-item even\" property=\"content:encoded\">\n<p class=\"rtejustify\">Changement dans l\u2019horaire d\u2019ouverture des pharmacies \u00e0 Tanger. Les officines ouvriront d\u00e9sormais les samedis apr\u00e8s-midi \u00e0 partir de 16h jusqu\u2019\u00e0 20h00 et les jours f\u00e9ri\u00e9s. Le nouvel horaire, en vigueur jusqu\u2019au 15 septembre prochain, permettra de satisfaire les besoins de la population grandissante de la ville et des estivants, en plus d\u2019\u00e9viter les attroupements, source de contaminations potentielles.<\/p>\n<p class=\"rtejustify\"><em><strong>A.A.<\/strong><\/em><\/p>\n<\/div>\n<\/div>\n<\/div>\n<\/div>\n<p>Auteur: hgueye<br \/>\n<a href=\"https:\/\/www.leconomiste.com\/flash-infos\/tanger-les-pharmacies-ouvertes-les-samedis-et-les-jours-feries\">Cliquez ici pour lire l&rsquo;article depuis sa source.<\/a><\/p>\n","protected":false},"excerpt":{"rendered":"<p>Changement dans l\u2019horaire d\u2019ouverture des pharmacies \u00e0 Tanger. Les officines ouvriront d\u00e9sormais les samedis apr\u00e8s-midi \u00e0 partir de 16h jusqu\u2019\u00e0 20h00 et les jours f\u00e9ri\u00e9s. Le nouvel horaire, en vigueur jusqu\u2019au 15 septembre prochain, permettra de satisfaire les besoins de la population grandissante de la ville et des estivants, en plus d\u2019\u00e9viter les attroupements, source [&hellip;]<\/p>\n","protected":false},"author":1763,"featured_media":0,"comment_status":"closed","ping_status":"closed","sticky":false,"template":"","format":"standard","meta":{"fifu_image_url":"","fifu_image_alt":"","footnotes":""},"categories":[78,54],"tags":[],"class_list":["post-124817","post","type-post","status-publish","format-standard","hentry","category-economie","category-maroc"],"_links":{"self":[{"href":"https:\/\/linitiative.ca\/International\/wp-json\/wp\/v2\/posts\/124817","targetHints":{"allow":["GET"]}}],"collection":[{"href":"https:\/\/linitiative.ca\/International\/wp-json\/wp\/v2\/posts"}],"about":[{"href":"https:\/\/linitiative.ca\/International\/wp-json\/wp\/v2\/types\/post"}],"author":[{"embeddable":true,"href":"https:\/\/linitiative.ca\/International\/wp-json\/wp\/v2\/users\/1763"}],"replies":[{"embeddable":true,"href":"https:\/\/linitiative.ca\/International\/wp-json\/wp\/v2\/comments?post=124817"}],"version-history":[{"count":0,"href":"https:\/\/linitiative.ca\/International\/wp-json\/wp\/v2\/posts\/124817\/revisions"}],"wp:attachment":[{"href":"https:\/\/linitiative.ca\/International\/wp-json\/wp\/v2\/media?parent=124817"}],"wp:term":[{"taxonomy":"category","embeddable":true,"href":"https:\/\/linitiative.ca\/International\/wp-json\/wp\/v2\/categories?post=124817"},{"taxonomy":"post_tag","embeddable":true,"href":"https:\/\/linitiative.ca\/International\/wp-json\/wp\/v2\/tags?post=124817"}],"curies":[{"name":"wp","href":"https:\/\/api.w.org\/{rel}","templated":true}]}}