{"id":124818,"date":"2021-08-22T05:24:39","date_gmt":"2021-08-22T09:24:39","guid":{"rendered":"https:\/\/linitiative.ca\/International\/dates-de-la-rentree-scolaire-le-dementi-du-men\/"},"modified":"2021-08-22T05:24:39","modified_gmt":"2021-08-22T09:24:39","slug":"dates-de-la-rentree-scolaire-le-dementi-du-men","status":"publish","type":"post","link":"https:\/\/linitiative.ca\/International\/dates-de-la-rentree-scolaire-le-dementi-du-men\/","title":{"rendered":"Dates de la rentr\u00e9e scolaire: Le d\u00e9menti du MEN"},"content":{"rendered":"<div>\n<div class=\"field field-name-body field-type-text-with-summary field-label-hidden\">\n<div class=\"field-items\">\n<div class=\"field-item even\" property=\"content:encoded\">\n<p class=\"rtejustify\">Suite aux fausses informations v\u00e9hicul\u00e9es sur la prochaine rentr\u00e9e scolaire, le minist\u00e8re de l&rsquo;\u00c9ducation nationale, de la Formation professionnelle, de l&rsquo;Enseignement sup\u00e9rieur et de la Recherche scientifique a d\u00e9menti, samedi, toute modification des dates de la rentr\u00e9e 2021-2022.<\/p>\n<\/div>\n<\/div>\n<\/div>\n<\/div>\n<p>Auteur: hgueye<br \/>\n<a href=\"https:\/\/www.leconomiste.com\/flash-infos\/dates-de-la-rentree-scolaire-le-dementi-du-men\">Cliquez ici pour lire l&rsquo;article depuis sa source.<\/a><\/p>\n","protected":false},"excerpt":{"rendered":"<p>Suite aux fausses informations v\u00e9hicul\u00e9es sur la prochaine rentr\u00e9e scolaire, le minist\u00e8re de l&rsquo;\u00c9ducation nationale, de la Formation professionnelle, de l&rsquo;Enseignement sup\u00e9rieur et de la Recherche scientifique a d\u00e9menti, samedi, toute modification des dates de la rentr\u00e9e 2021-2022. Auteur: hgueye Cliquez ici pour lire l&rsquo;article depuis sa source.<\/p>\n","protected":false},"author":1763,"featured_media":0,"comment_status":"closed","ping_status":"closed","sticky":false,"template":"","format":"standard","meta":{"fifu_image_url":"","fifu_image_alt":"","footnotes":""},"categories":[78,54],"tags":[],"class_list":["post-124818","post","type-post","status-publish","format-standard","hentry","category-economie","category-maroc"],"_links":{"self":[{"href":"https:\/\/linitiative.ca\/International\/wp-json\/wp\/v2\/posts\/124818","targetHints":{"allow":["GET"]}}],"collection":[{"href":"https:\/\/linitiative.ca\/International\/wp-json\/wp\/v2\/posts"}],"about":[{"href":"https:\/\/linitiative.ca\/International\/wp-json\/wp\/v2\/types\/post"}],"author":[{"embeddable":true,"href":"https:\/\/linitiative.ca\/International\/wp-json\/wp\/v2\/users\/1763"}],"replies":[{"embeddable":true,"href":"https:\/\/linitiative.ca\/International\/wp-json\/wp\/v2\/comments?post=124818"}],"version-history":[{"count":0,"href":"https:\/\/linitiative.ca\/International\/wp-json\/wp\/v2\/posts\/124818\/revisions"}],"wp:attachment":[{"href":"https:\/\/linitiative.ca\/International\/wp-json\/wp\/v2\/media?parent=124818"}],"wp:term":[{"taxonomy":"category","embeddable":true,"href":"https:\/\/linitiative.ca\/International\/wp-json\/wp\/v2\/categories?post=124818"},{"taxonomy":"post_tag","embeddable":true,"href":"https:\/\/linitiative.ca\/International\/wp-json\/wp\/v2\/tags?post=124818"}],"curies":[{"name":"wp","href":"https:\/\/api.w.org\/{rel}","templated":true}]}}