{"id":124819,"date":"2021-08-22T09:19:00","date_gmt":"2021-08-22T13:19:00","guid":{"rendered":"https:\/\/linitiative.ca\/International\/gestion-des-flux-migratoires-frontex-salue-laction-du-maroc\/"},"modified":"2021-08-22T09:19:00","modified_gmt":"2021-08-22T13:19:00","slug":"gestion-des-flux-migratoires-frontex-salue-laction-du-maroc","status":"publish","type":"post","link":"https:\/\/linitiative.ca\/International\/gestion-des-flux-migratoires-frontex-salue-laction-du-maroc\/","title":{"rendered":"Gestion des flux migratoires: Frontex salue l&rsquo;action du Maroc"},"content":{"rendered":"<div>\n<div class=\"field field-name-body field-type-text-with-summary field-label-hidden\">\n<div class=\"field-items\">\n<div class=\"field-item even\" property=\"content:encoded\">\n<p class=\"rtejustify\">L&rsquo;Agence europ\u00e9enne de contr\u00f4le des fronti\u00e8res (Frontex) a mis en avant le r\u00f4le du Maroc dans la gestion des flux migratoires. Selon son directeur ex\u00e9cutif Fabrice Leggeri, le Royaume reste un partenaire \u00ab\u00a0fiable et solide\u00a0\u00bb de l\u2019Union europ\u00e9enne (UE) en mati\u00e8re de gestion des flux migratoires. Leggeri a qualifi\u00e9 d\u2019\u00a0\u00bbexcellente\u00a0\u00bb la coop\u00e9ration avec le Royaume dans un entretien avec Europa Press.<\/p>\n<\/div>\n<\/div>\n<\/div>\n<\/div>\n<p>Auteur: hgueye<br \/>\n<a href=\"https:\/\/www.leconomiste.com\/flash-infos\/gestion-des-flux-migratoires-le-frontex-salue-l-action-du-maroc\">Cliquez ici pour lire l&rsquo;article depuis sa source.<\/a><\/p>\n","protected":false},"excerpt":{"rendered":"<p>L&rsquo;Agence europ\u00e9enne de contr\u00f4le des fronti\u00e8res (Frontex) a mis en avant le r\u00f4le du Maroc dans la gestion des flux migratoires. Selon son directeur ex\u00e9cutif Fabrice Leggeri, le Royaume reste un partenaire \u00ab\u00a0fiable et solide\u00a0\u00bb de l\u2019Union europ\u00e9enne (UE) en mati\u00e8re de gestion des flux migratoires. Leggeri a qualifi\u00e9 d\u2019\u00a0\u00bbexcellente\u00a0\u00bb la coop\u00e9ration avec le Royaume [&hellip;]<\/p>\n","protected":false},"author":1763,"featured_media":0,"comment_status":"closed","ping_status":"closed","sticky":false,"template":"","format":"standard","meta":{"fifu_image_url":"","fifu_image_alt":"","footnotes":""},"categories":[78,54],"tags":[],"class_list":["post-124819","post","type-post","status-publish","format-standard","hentry","category-economie","category-maroc"],"_links":{"self":[{"href":"https:\/\/linitiative.ca\/International\/wp-json\/wp\/v2\/posts\/124819","targetHints":{"allow":["GET"]}}],"collection":[{"href":"https:\/\/linitiative.ca\/International\/wp-json\/wp\/v2\/posts"}],"about":[{"href":"https:\/\/linitiative.ca\/International\/wp-json\/wp\/v2\/types\/post"}],"author":[{"embeddable":true,"href":"https:\/\/linitiative.ca\/International\/wp-json\/wp\/v2\/users\/1763"}],"replies":[{"embeddable":true,"href":"https:\/\/linitiative.ca\/International\/wp-json\/wp\/v2\/comments?post=124819"}],"version-history":[{"count":0,"href":"https:\/\/linitiative.ca\/International\/wp-json\/wp\/v2\/posts\/124819\/revisions"}],"wp:attachment":[{"href":"https:\/\/linitiative.ca\/International\/wp-json\/wp\/v2\/media?parent=124819"}],"wp:term":[{"taxonomy":"category","embeddable":true,"href":"https:\/\/linitiative.ca\/International\/wp-json\/wp\/v2\/categories?post=124819"},{"taxonomy":"post_tag","embeddable":true,"href":"https:\/\/linitiative.ca\/International\/wp-json\/wp\/v2\/tags?post=124819"}],"curies":[{"name":"wp","href":"https:\/\/api.w.org\/{rel}","templated":true}]}}