{"id":124826,"date":"2021-08-22T06:40:45","date_gmt":"2021-08-22T10:40:45","guid":{"rendered":"https:\/\/linitiative.ca\/International\/lalgerie-pourrait-ne-pas-renouveler-le-contrat-du-gazoduc-maghreb-europe-un-nouveau-revers-pour-le-maroc\/"},"modified":"2021-08-22T06:40:45","modified_gmt":"2021-08-22T10:40:45","slug":"lalgerie-pourrait-ne-pas-renouveler-le-contrat-du-gazoduc-maghreb-europe-un-nouveau-revers-pour-le-maroc","status":"publish","type":"post","link":"https:\/\/linitiative.ca\/International\/lalgerie-pourrait-ne-pas-renouveler-le-contrat-du-gazoduc-maghreb-europe-un-nouveau-revers-pour-le-maroc\/","title":{"rendered":"L\u2019Alg\u00e9rie pourrait ne pas renouveler le contrat du gazoduc Maghreb-Europe : Un nouveau revers pour le Maroc ?"},"content":{"rendered":"<div>\n<div class=\"sriret\"><img loading=\"lazy\" decoding=\"async\" width=\"567\" height=\"336\" src=\"https:\/\/linitiative.ca\/International\/wp-content\/uploads\/sites\/23\/2021\/08\/ernergie-1-ouv.jpg\" class=\"attachment-featured_large size-featured_large wp-post-image\" alt=\"Alg\u00e9rie-Union Europ\u00e9enne : Les contrats de fourniture de gaz en cours de n\u00e9gociation\" style=\"margin-bottom: 15px;\" srcset=\"https:\/\/linitiative.ca\/International\/wp-content\/uploads\/sites\/23\/2021\/08\/ernergie-1-ouv.jpg 567w, https:\/\/www.elwatan.com\/wp-content\/uploads\/2018\/11\/ernergie-1-ouv-300x178.jpg 300w\" sizes=\"auto, (max-width: 567px) 100vw, 567px\"><\/div>\n<p>Rabat est finalement \u00abfavorable\u00bb au maintien du gazoduc Maghreb-Europe, qui relie l\u2019Alg\u00e9rie \u00e0 l\u2019Espagne, en passant par le Maroc, et dont le contrat expire fin octobre prochain.<\/p>\n<p>C\u2019est ce qu\u2019a affirm\u00e9, jeudi, la directrice g\u00e9n\u00e9rale de l\u2019Office national marocain des hydrocarbures et des mines, Amina Benkhadra, au quotidien de l\u2019Agence marocaine de presse (MAP), dont les propos ont \u00e9t\u00e9 rapport\u00e9s par l\u2019AFP. \u00abLa volont\u00e9 du Maroc de maintenir cette voie d\u2019exportation a \u00e9t\u00e9 clairement affirm\u00e9e de mani\u00e8re constante, \u00e0 tous les niveaux, depuis plus de trois ans\u00bb, a d\u00e9clar\u00e9 Amina Benkhadra. Et d\u2019ajouter\u00a0: \u00abCette volont\u00e9, nous l\u2019avons exprim\u00e9e verbalement et par \u00e9crit, publiquement et dans les discussions priv\u00e9es, toujours avec la m\u00eame clart\u00e9 et la m\u00eame constance.\u00bb<\/p>\n<p>*Retrouvez l\u2019int\u00e9gralit\u00e9 de nos articles sur la version papier<\/p>\n<p>L\u2019article <a rel=\"nofollow\" href=\"https:\/\/www.elwatan.com\/a-la-une\/lalgerie-pourrait-ne-pas-renouveler-le-contrat-du-gazoduc-maghreb-europe-un-nouveau-revers-pour-le-maroc-22-08-2021\">L\u2019Alg\u00e9rie pourrait ne pas renouveler le contrat du gazoduc Maghreb-Europe : Un nouveau revers pour le Maroc ?<\/a> est apparu en premier sur <a rel=\"nofollow\" href=\"https:\/\/www.elwatan.com\/\">El Watan<\/a>.<\/p>\n<\/div>\n<p>Auteur: Hicham Chouadria<br \/>\n<a href=\"https:\/\/www.elwatan.com\/a-la-une\/lalgerie-pourrait-ne-pas-renouveler-le-contrat-du-gazoduc-maghreb-europe-un-nouveau-revers-pour-le-maroc-22-08-2021\">Cliquez ici pour lire l&rsquo;article depuis sa source.<\/a><\/p>\n","protected":false},"excerpt":{"rendered":"<p>Rabat est finalement \u00abfavorable\u00bb au maintien du gazoduc Maghreb-Europe, qui relie l\u2019Alg\u00e9rie \u00e0 l\u2019Espagne, en passant par le Maroc, et dont le contrat expire fin octobre prochain. C\u2019est ce qu\u2019a affirm\u00e9, jeudi, la directrice g\u00e9n\u00e9rale de l\u2019Office national marocain des hydrocarbures et des mines, Amina Benkhadra, au quotidien de l\u2019Agence marocaine de presse (MAP), dont [&hellip;]<\/p>\n","protected":false},"author":1743,"featured_media":0,"comment_status":"closed","ping_status":"closed","sticky":false,"template":"","format":"standard","meta":{"fifu_image_url":"https:\/\/www.elwatan.com\/wp-content\/uploads\/2018\/11\/ernergie-1-ouv.jpg","fifu_image_alt":"L\u2019Alg\u00e9rie pourrait ne pas renouveler le contrat du gazoduc Maghreb-Europe : Un nouveau revers pour le Maroc ?","footnotes":""},"categories":[73,53],"tags":[],"class_list":["post-124826","post","type-post","status-publish","format-standard","hentry","category-actualite","category-algerie"],"_links":{"self":[{"href":"https:\/\/linitiative.ca\/International\/wp-json\/wp\/v2\/posts\/124826","targetHints":{"allow":["GET"]}}],"collection":[{"href":"https:\/\/linitiative.ca\/International\/wp-json\/wp\/v2\/posts"}],"about":[{"href":"https:\/\/linitiative.ca\/International\/wp-json\/wp\/v2\/types\/post"}],"author":[{"embeddable":true,"href":"https:\/\/linitiative.ca\/International\/wp-json\/wp\/v2\/users\/1743"}],"replies":[{"embeddable":true,"href":"https:\/\/linitiative.ca\/International\/wp-json\/wp\/v2\/comments?post=124826"}],"version-history":[{"count":0,"href":"https:\/\/linitiative.ca\/International\/wp-json\/wp\/v2\/posts\/124826\/revisions"}],"wp:attachment":[{"href":"https:\/\/linitiative.ca\/International\/wp-json\/wp\/v2\/media?parent=124826"}],"wp:term":[{"taxonomy":"category","embeddable":true,"href":"https:\/\/linitiative.ca\/International\/wp-json\/wp\/v2\/categories?post=124826"},{"taxonomy":"post_tag","embeddable":true,"href":"https:\/\/linitiative.ca\/International\/wp-json\/wp\/v2\/tags?post=124826"}],"curies":[{"name":"wp","href":"https:\/\/api.w.org\/{rel}","templated":true}]}}