{"id":124830,"date":"2021-08-22T13:00:14","date_gmt":"2021-08-22T17:00:14","guid":{"rendered":"https:\/\/linitiative.ca\/International\/proces-civil-de-laffaire-sovac-la-cour-dalger-statuera-le-19-septembre-prochain\/"},"modified":"2021-08-22T13:00:14","modified_gmt":"2021-08-22T17:00:14","slug":"proces-civil-de-laffaire-sovac-la-cour-dalger-statuera-le-19-septembre-prochain","status":"publish","type":"post","link":"https:\/\/linitiative.ca\/International\/proces-civil-de-laffaire-sovac-la-cour-dalger-statuera-le-19-septembre-prochain\/","title":{"rendered":"Proc\u00e8s civil de l\u2019affaire Sovac : la cour d\u2019Alger statuera le 19 septembre prochain"},"content":{"rendered":"<div>\n<div class=\"sriret\"><img decoding=\"async\" src=\"https:\/\/linitiative.ca\/International\/wp-content\/uploads\/sites\/23\/2021\/08\/default-picture-709x366_c-47.jpg\"><\/div>\n<p>La chambre p\u00e9nale pr\u00e8s la Cour d\u2019Alger a report\u00e9, dimanche 22 ao\u00fbt, le proc\u00e8s civil de l\u2019affaire de montage automobile du groupe Sovac au 19 septembre prochain.<\/p>\n<p>Le tribunal statuera, dans cette affaire qui met en cause le patron du groupe Sovac, Mourad Oulmi et son fr\u00e8re ainsi que d\u2019anciens responsables, sur les d\u00e9dommagements au profit du Tr\u00e9sor Public apr\u00e8s que la Cour supr\u00eame ait accept\u00e9 en mai dernier, le pourvoi en cassation du juriste du Tr\u00e9sor public.\u00a0 Pour rappel, la Cour supr\u00eame avait rejet\u00e9 en mai 2021, les pourvois en cassation de tous les accus\u00e9s ainsi celui du parquet contre tous les accus\u00e9s, \u00e0 l\u2019exception des accus\u00e9s acquitt\u00e9s. Elle a \u00e9galement accept\u00e9 le recours du juriste du Tr\u00e9sor public dans la forme et dans le fond.\u00a0 La Cour d\u2019Alger avait condamn\u00e9, le 21 octobre 2020, le pr\u00e9sident du groupe Sovac, Mourad Oulmi, pour \u00ab\u00a0blanchiment d\u2019argent et incitation d\u2019agents publics \u00e0 exploiter leur influence\u00a0\u00bb, \u00e0 une peine de 10 ans de prison ferme. L\u2019ancien Premier ministre, Ahmed Ouyahia a \u00e9t\u00e9 condamn\u00e9 \u00e0 10 ans de prison ferme alors que l\u2019ancien ministre de l\u2019Industrie, Youcef Yousfi a \u00e9t\u00e9 condamn\u00e9 \u00e0 deux ans de prison dont un avec sursis. Le fr\u00e8re cadet du principal accus\u00e9, Khidher Oulmi a \u00e9cop\u00e9 de 5 ans de prison, et l\u2019ancien P-DG du Cr\u00e9dit populaire alg\u00e9rien (CPA), Omar Boudiab, a \u00e9t\u00e9 condamn\u00e9 \u00e0 deux ans de prison dont un avec sursis.<\/p>\n<p>L\u2019article <a rel=\"nofollow\" href=\"https:\/\/www.elwatan.com\/edition\/actualite\/proces-civil-de-laffaire-sovac-la-cour-dalger-statuera-le-19-septembre-prochain-22-08-2021\">Proc\u00e8s civil de l\u2019affaire Sovac : la cour d\u2019Alger statuera le 19 septembre prochain<\/a> est apparu en premier sur <a rel=\"nofollow\" href=\"https:\/\/www.elwatan.com\/\">El Watan<\/a>.<\/p>\n<\/div>\n<p>Auteur: Abdelghani Aichoun<br \/>\n<a href=\"https:\/\/www.elwatan.com\/edition\/actualite\/proces-civil-de-laffaire-sovac-la-cour-dalger-statuera-le-19-septembre-prochain-22-08-2021\">Cliquez ici pour lire l&rsquo;article depuis sa source.<\/a><\/p>\n","protected":false},"excerpt":{"rendered":"<p>La chambre p\u00e9nale pr\u00e8s la Cour d\u2019Alger a report\u00e9, dimanche 22 ao\u00fbt, le proc\u00e8s civil de l\u2019affaire de montage automobile du groupe Sovac au 19 septembre prochain. Le tribunal statuera, dans cette affaire qui met en cause le patron du groupe Sovac, Mourad Oulmi et son fr\u00e8re ainsi que d\u2019anciens responsables, sur les d\u00e9dommagements au [&hellip;]<\/p>\n","protected":false},"author":1743,"featured_media":0,"comment_status":"closed","ping_status":"closed","sticky":false,"template":"","format":"standard","meta":{"fifu_image_url":"https:\/\/www.elwatan.com\/wp-content\/themes\/spectr\/img\/default-picture-709x366_c.jpg","fifu_image_alt":"Proc\u00e8s civil de l\u2019affaire Sovac : la cour d\u2019Alger statuera le 19 septembre prochain","footnotes":""},"categories":[73,53],"tags":[],"class_list":["post-124830","post","type-post","status-publish","format-standard","hentry","category-actualite","category-algerie"],"_links":{"self":[{"href":"https:\/\/linitiative.ca\/International\/wp-json\/wp\/v2\/posts\/124830","targetHints":{"allow":["GET"]}}],"collection":[{"href":"https:\/\/linitiative.ca\/International\/wp-json\/wp\/v2\/posts"}],"about":[{"href":"https:\/\/linitiative.ca\/International\/wp-json\/wp\/v2\/types\/post"}],"author":[{"embeddable":true,"href":"https:\/\/linitiative.ca\/International\/wp-json\/wp\/v2\/users\/1743"}],"replies":[{"embeddable":true,"href":"https:\/\/linitiative.ca\/International\/wp-json\/wp\/v2\/comments?post=124830"}],"version-history":[{"count":0,"href":"https:\/\/linitiative.ca\/International\/wp-json\/wp\/v2\/posts\/124830\/revisions"}],"wp:attachment":[{"href":"https:\/\/linitiative.ca\/International\/wp-json\/wp\/v2\/media?parent=124830"}],"wp:term":[{"taxonomy":"category","embeddable":true,"href":"https:\/\/linitiative.ca\/International\/wp-json\/wp\/v2\/categories?post=124830"},{"taxonomy":"post_tag","embeddable":true,"href":"https:\/\/linitiative.ca\/International\/wp-json\/wp\/v2\/tags?post=124830"}],"curies":[{"name":"wp","href":"https:\/\/api.w.org\/{rel}","templated":true}]}}