{"id":124832,"date":"2021-08-22T15:15:42","date_gmt":"2021-08-22T19:15:42","guid":{"rendered":"https:\/\/linitiative.ca\/International\/dgsn-mouvement-partiel-concernant-sept-directeurs-centraux\/"},"modified":"2021-08-22T15:15:42","modified_gmt":"2021-08-22T19:15:42","slug":"dgsn-mouvement-partiel-concernant-sept-directeurs-centraux","status":"publish","type":"post","link":"https:\/\/linitiative.ca\/International\/dgsn-mouvement-partiel-concernant-sept-directeurs-centraux\/","title":{"rendered":"DGSN: Mouvement partiel concernant sept directeurs centraux"},"content":{"rendered":"<div>\n<div class=\"sriret\"><img decoding=\"async\" src=\"https:\/\/linitiative.ca\/International\/wp-content\/uploads\/sites\/23\/2021\/08\/default-picture-709x366_c-48.jpg\"><\/div>\n<p>Le Directeur g\u00e9n\u00e9ral de la S\u00fbret\u00e9 nationale, a op\u00e9r\u00e9, dimanche 22 ao\u00fbt, apr\u00e8s accord du pr\u00e9sident de la R\u00e9publique, Abdelmadjid Tebboune, un mouvement partiel ayant concern\u00e9 sept (7) Directeurs centraux \u00e0 la Direction g\u00e9n\u00e9rale de la S\u00fbret\u00e9 nationale (DGSN), a indiqu\u00e9 un communiqu\u00e9 de la DGSN.<\/p>\n<p>Il s\u2019agit de Messieurs:<\/p>\n<p>\u2013 Adjouadi Mohamed, contr\u00f4leur g\u00e9n\u00e9ral de police, nomm\u00e9 Chef de cabinet du Directeur g\u00e9n\u00e9ral.<\/p>\n<p>\u2013 Saidani Tahar, Contr\u00f4leur de police, nomm\u00e9 Directeur des renseignements g\u00e9n\u00e9raux.<\/p>\n<p>\u2013 Mohand Said Si M\u2019hand, Contr\u00f4leur de police, nomm\u00e9 Directeur des ressources humaines.<\/p>\n<p>\u2013 Daoud Mohand Cherif, Contr\u00f4leur g\u00e9n\u00e9ral de police, nomm\u00e9 Directeur de la s\u00e9curit\u00e9 publique.<\/p>\n<p>\u2013 Bouraoui Abdelhak, Contr\u00f4leur de police, nomm\u00e9 Directeur de la police g\u00e9n\u00e9rale.<\/p>\n<p>\u2013 Makhlouf Salah, Contr\u00f4leur de police, nomm\u00e9 Directeur de la Police aux fronti\u00e8res.<\/p>\n<p>\u2013 Benkhelifa Azeddine, Commissaire divisionnaire, nomm\u00e9 Directeur de l\u2019Administration g\u00e9n\u00e9rale.<\/p>\n<p>L\u2019article <a rel=\"nofollow\" href=\"https:\/\/www.elwatan.com\/edition\/actualite\/dgsn-mouvement-partiel-concernant-sept-directeurs-centraux-22-08-2021\">DGSN: Mouvement partiel concernant sept directeurs centraux<\/a> est apparu en premier sur <a rel=\"nofollow\" href=\"https:\/\/www.elwatan.com\/\">El Watan<\/a>.<\/p>\n<\/div>\n<p>Auteur: Abdelghani Aichoun<br \/>\n<a href=\"https:\/\/www.elwatan.com\/edition\/actualite\/dgsn-mouvement-partiel-concernant-sept-directeurs-centraux-22-08-2021\">Cliquez ici pour lire l&rsquo;article depuis sa source.<\/a><\/p>\n","protected":false},"excerpt":{"rendered":"<p>Le Directeur g\u00e9n\u00e9ral de la S\u00fbret\u00e9 nationale, a op\u00e9r\u00e9, dimanche 22 ao\u00fbt, apr\u00e8s accord du pr\u00e9sident de la R\u00e9publique, Abdelmadjid Tebboune, un mouvement partiel ayant concern\u00e9 sept (7) Directeurs centraux \u00e0 la Direction g\u00e9n\u00e9rale de la S\u00fbret\u00e9 nationale (DGSN), a indiqu\u00e9 un communiqu\u00e9 de la DGSN. Il s\u2019agit de Messieurs: \u2013 Adjouadi Mohamed, contr\u00f4leur g\u00e9n\u00e9ral [&hellip;]<\/p>\n","protected":false},"author":1743,"featured_media":0,"comment_status":"closed","ping_status":"closed","sticky":false,"template":"","format":"standard","meta":{"fifu_image_url":"https:\/\/www.elwatan.com\/wp-content\/themes\/spectr\/img\/default-picture-709x366_c.jpg","fifu_image_alt":"DGSN: Mouvement partiel concernant sept directeurs centraux","footnotes":""},"categories":[73,53],"tags":[],"class_list":["post-124832","post","type-post","status-publish","format-standard","hentry","category-actualite","category-algerie"],"_links":{"self":[{"href":"https:\/\/linitiative.ca\/International\/wp-json\/wp\/v2\/posts\/124832","targetHints":{"allow":["GET"]}}],"collection":[{"href":"https:\/\/linitiative.ca\/International\/wp-json\/wp\/v2\/posts"}],"about":[{"href":"https:\/\/linitiative.ca\/International\/wp-json\/wp\/v2\/types\/post"}],"author":[{"embeddable":true,"href":"https:\/\/linitiative.ca\/International\/wp-json\/wp\/v2\/users\/1743"}],"replies":[{"embeddable":true,"href":"https:\/\/linitiative.ca\/International\/wp-json\/wp\/v2\/comments?post=124832"}],"version-history":[{"count":0,"href":"https:\/\/linitiative.ca\/International\/wp-json\/wp\/v2\/posts\/124832\/revisions"}],"wp:attachment":[{"href":"https:\/\/linitiative.ca\/International\/wp-json\/wp\/v2\/media?parent=124832"}],"wp:term":[{"taxonomy":"category","embeddable":true,"href":"https:\/\/linitiative.ca\/International\/wp-json\/wp\/v2\/categories?post=124832"},{"taxonomy":"post_tag","embeddable":true,"href":"https:\/\/linitiative.ca\/International\/wp-json\/wp\/v2\/tags?post=124832"}],"curies":[{"name":"wp","href":"https:\/\/api.w.org\/{rel}","templated":true}]}}