{"id":124834,"date":"2021-08-22T15:42:15","date_gmt":"2021-08-22T19:42:15","guid":{"rendered":"https:\/\/linitiative.ca\/International\/conseil-des-ministres-allegement-du-confinement-production-du-vaccin-anti-covid-et-air-algerie\/"},"modified":"2021-08-22T15:42:15","modified_gmt":"2021-08-22T19:42:15","slug":"conseil-des-ministres-allegement-du-confinement-production-du-vaccin-anti-covid-et-air-algerie","status":"publish","type":"post","link":"https:\/\/linitiative.ca\/International\/conseil-des-ministres-allegement-du-confinement-production-du-vaccin-anti-covid-et-air-algerie\/","title":{"rendered":"Conseil des ministres: All\u00e8gement du confinement, production du vaccin anti-Covid et Air Alg\u00e9rie"},"content":{"rendered":"<div>\n<div class=\"sriret\"><img decoding=\"async\" src=\"https:\/\/linitiative.ca\/International\/wp-content\/uploads\/sites\/23\/2021\/08\/default-picture-709x366_c-49.jpg\"><\/div>\n<p>Le pr\u00e9sident de la R\u00e9publique, Chef supr\u00eame des Forces arm\u00e9es, ministre de la D\u00e9fense nationale, Abdelmadjid Tebboune, a pr\u00e9sid\u00e9 dimanche 22 ao\u00fbt une r\u00e9union du Conseil des ministres consacr\u00e9e \u00e0 l\u2019examen d\u2019expos\u00e9s relatifs aux secteurs de la Justice, de l\u2019Int\u00e9rieur, du Travail, de l\u2019emploi et de la s\u00e9curit\u00e9 sociale, de l\u2019Industrie pharmaceutique, de la Communication et la Culture, indique un communiqu\u00e9 de la Pr\u00e9sidence de la R\u00e9publique dont voici la traduction APS :<\/p>\n<p>\u00ab\u00a0Le pr\u00e9sident de la R\u00e9publique, Chef supr\u00eame des Forces arm\u00e9es, ministre de la D\u00e9fense nationale, Abdelmadjid Tebboune, a pr\u00e9sid\u00e9, ce dimanche 22 ao\u00fbt 2021, une r\u00e9union du Conseil des ministres consacr\u00e9e \u00e0 l\u2019examen d\u2019expos\u00e9s relatifs aux secteurs de la Justice, de l\u2019Int\u00e9rieur, du Travail, de l\u2019emploi et de la s\u00e9curit\u00e9 sociale, de l\u2019Industrie pharmaceutique, de la Communication et de la Culture.<\/p>\n<p>La r\u00e9union a d\u00e9but\u00e9 par un expos\u00e9 du Premier ministre sur le bilan de l\u2019action gouvernementale au cours des deux derni\u00e8res semaines, avant l\u2019examen des points inscrits \u00e0 l\u2019ordre du jour.<\/p>\n<p>Secteur de la Justice:<\/p>\n<p>Le Conseil des ministres a approuv\u00e9 un projet d\u2019ordonnance modifiant et compl\u00e9tant la loi organique portant r\u00e9gime \u00e9lectoral et un projet d\u2019ordonnance modifiant et compl\u00e9tant le code de proc\u00e9dure p\u00e9nale, pr\u00e9voyant la cr\u00e9ation d\u2019un p\u00f4le sp\u00e9cialis\u00e9 dans la cybercriminalit\u00e9. Le pr\u00e9sident de la R\u00e9publique a donn\u00e9 les instructions suivantes et \u00e9mis les observations ci-apr\u00e8s :<\/p>\n<p>\u2013 L\u2019Autorit\u00e9 nationale ind\u00e9pendante des \u00e9lections (ANIE) est la seule habilit\u00e9e \u00e0 d\u00e9cider de l\u2019exemption de la condition de parit\u00e9 requise sur les listes \u00e9lectorales.<\/p>\n<p>\u2013 R\u00e9duire le nombre de signatures dans les r\u00e9gions \u00e0 faible densit\u00e9 de population pour les candidats.<\/p>\n<p>\u2013 Saluer la cr\u00e9ation du p\u00f4le sp\u00e9cialis\u00e9 dans la cybercriminalit\u00e9 comme acquis pour le secteur de la Justice \u00e0 l\u2019instar du p\u00f4le sp\u00e9cialis\u00e9 dans les crimes \u00e9conomiques, insistant sur l\u2019acc\u00e9l\u00e9ration de l\u2019installation du nouveau p\u00f4le et le traitement des crimes cybern\u00e9tiques aux mains de la Justice.<\/p>\n<p>Secteur du Travail, de l\u2019Emploi et de la S\u00e9curit\u00e9 sociale:<\/p>\n<p>\u2013 Eliminer les p\u00e9nalit\u00e9s de retards en mati\u00e8re de cotisations \u00e0 la s\u00e9curit\u00e9 sociale en faveur de 760.552 employeurs, tout en encourageant les cotisations aux caisses de la s\u00e9curit\u00e9 sociale dans l\u2019objectif de pr\u00e9server le tissu \u00e9conomique.<\/p>\n<p>\u2013 Soumettre au Gouvernement et en Conseil des ministres un projet de loi instituant l\u2019allocations ch\u00f4mage qui s\u2019ajoutera aux formules d\u2019allocations de ch\u00f4mage adopt\u00e9es dans d\u2019autres secteurs.<\/p>\n<p>Secteur de l\u2019Int\u00e9rieur:<\/p>\n<p>\u2013 Le Pr\u00e9sident de la R\u00e9publique a salu\u00e9, \u00e0 nouveau, l\u2019\u00e9lan solidaire du Peuple alg\u00e9rien avec les wilayas touch\u00e9es par les r\u00e9cents incendies.<\/p>\n<p>\u2013 Charger les ministres de l\u2019Int\u00e9rieur, de l\u2019Agriculture et de l\u2019Habitat de finaliser, au plus vite, les op\u00e9rations d\u2019\u00e9valuation des d\u00e9g\u00e2ts et d\u2019indemnisation.<\/p>\n<p>\u2013 Faire appel \u00e0 l\u2019Arm\u00e9e nationale populaire, si le besoin se fait sentir, afin de renforcer les rangs des agents responsables de l\u2019\u00e9valuation des d\u00e9g\u00e2ts, notamment avec l\u2019approche de la rentr\u00e9e sociale et de l\u2019hiver.<\/p>\n<p>\u2013 Charger le ministre de l\u2019Int\u00e9rieur et le Secr\u00e9taire g\u00e9n\u00e9ral de la Pr\u00e9sidence de la R\u00e9publique d\u2019entamer, dans l\u2019imm\u00e9diat, le versement des allocations au profit des familles des martyrs des incendies.<\/p>\n<p>\u2013 Le minist\u00e8re de l\u2019Agriculture et du d\u00e9veloppement rural se chargera du reboisement, \u00e0 grande \u00e9chelle, des arbres fruitiers au niveau des r\u00e9gions touch\u00e9es.<\/p>\n<p>Secteur de la Culture :<\/p>\n<p>\u2013 Asseoir les bases d\u2019une industrie cin\u00e9matographique cr\u00e9atrice d\u2019emplois et de richesse \u00e0 travers une production cin\u00e9matographique constructive r\u00e9pondant aux standards internationaux.<\/p>\n<p>\u2013 Int\u00e9grer les dipl\u00f4m\u00e9s des instituts artistiques et dramatiques ainsi que les titulaires de Baccalaur\u00e9at artistique, \u00e0 instituer prochainement, dans le domaine artistique, toutes sp\u00e9cialit\u00e9s confondues.<\/p>\n<p>\u2013 Relancer le projet de production du film \u00ab\u00a0l\u2019Emir Abdelkader\u00a0\u00bb, fondateur de l\u2019Etat alg\u00e9rien moderne et symbole universel.<\/p>\n<p>Secteur de la Communication (m\u00e9dias audiovisuels):<\/p>\n<p>Le Pr\u00e9sident de la R\u00e9publique a donn\u00e9 des instructions portant acc\u00e9l\u00e9ration de la r\u00e9forme du cadre l\u00e9gislatif relatif \u00e0 l\u2019audiovisuel et du cahier des charges r\u00e9gissant les engagements g\u00e9n\u00e9raux en mati\u00e8re de respect des libert\u00e9s fondamentales, des exigences de la gestion d\u00e9mocratique de la soci\u00e9t\u00e9 et du maintien de l\u2019ordre public, parall\u00e8lement \u00e0 l\u2019organisation de l\u2019exploitation des services de la t\u00e9l\u00e9diffusion et de la radiodiffusion.<\/p>\n<p>Secteur de l\u2019industrie pharmaceutique :<\/p>\n<p>\u2013 Le pr\u00e9sident de la R\u00e9publique a mis l\u2019accent sur l\u2019imp\u00e9ratif d\u2019acc\u00e9l\u00e9rer le projet de production de vaccins en Alg\u00e9rie.<\/p>\n<p>\u2013 Charger le groupe Sonatrach d\u2019acqu\u00e9rir des camions de transport d\u2019oxyg\u00e8ne en pr\u00e9vision de l\u2019augmentation de la production qui devra atteindre au premier semestre de l\u2019ann\u00e9e prochaine 800.000 litres\/jour.<\/p>\n<p>\u2013 Accorder la priorit\u00e9 absolue \u00e0 l\u2019organisation du march\u00e9 de m\u00e9dicaments, son contr\u00f4le et le respect des normes de qualit\u00e9 dans la production, y compris pour ce qui est des compl\u00e9ments alimentaires.<\/p>\n<p>\u2013 Relancer et promouvoir l\u2019entreprise Saidal pour lui permettre de jouer un r\u00f4le leader sur les march\u00e9s national et africain.<\/p>\n<p>Le Pr\u00e9sident Tebboune a, \u00e9galement, donn\u00e9 ces orientations d\u2019ordre g\u00e9n\u00e9ral:<\/p>\n<p>\u2013 Le pr\u00e9sident de la R\u00e9publique a instruit le Premier ministre \u00e0 l\u2019effet d\u2019all\u00e9ger le confinement sanitaire en rouvrant les plages et lieux de loisir, en cas de la poursuite du recul des cas de contamination, avec le maintien des strictes mesures de pr\u00e9vention.<\/p>\n<p>\u2013 Ouverture de nouveaux vols vers les destinations ouvertes et d\u2019autres vers de nouveaux pays.<\/p>\n<p>\u2013 Vaccination de l\u2019ensemble des enseignants des secteurs de l\u2019Education nationale, de l\u2019Enseignement sup\u00e9rieur et de la Formation professionnelle, ainsi que les \u00e9tudiants universitaires, avant les deux rentr\u00e9es scolaire et universitaire.<\/p>\n<p>\u2013 Maintenir le contact et le dialogue avec les partenaires sociaux dans les secteurs de l\u2019Education, de la Formation professionnelle, de l\u2019Enseignement sup\u00e9rieur et de la Sant\u00e9.<\/p>\n<p>\u2013 D\u00e9gel des projets pas encore engag\u00e9s pour des raisons purement bureaucratiques.<\/p>\n<p>\u2013 Elaboration d\u2019un programme pour le lancement de projets de r\u00e9alisation d\u2019un h\u00f4pital sp\u00e9cialis\u00e9 dans la prise en charge des br\u00fblures graves et d\u2019autres h\u00f4pitaux d\u2019urgences dans les wilayas de Annaba, de Constantine et d\u2019Oran.<\/p>\n<p>Le Conseil des ministres a approuv\u00e9 un projet de d\u00e9cret pr\u00e9sidentiel autorisant la contribution de l\u2019Alg\u00e9rie \u00e0 l\u2019augmentation sp\u00e9ciale temporaire du capital appelable de la Banque africaine de d\u00e9veloppement (BAD).<\/p>\n<p>Le Conseil des ministres a, enfin, approuv\u00e9 des d\u00e9cisions individuelles portant nominations et fin de fonctions dans des postes sup\u00e9rieurs de l\u2019Etat.<\/p>\n<p>L\u2019article <a rel=\"nofollow\" href=\"https:\/\/www.elwatan.com\/edition\/actualite\/conseil-des-ministres-allegement-du-confinement-production-du-vaccin-anti-covid-et-air-algerie-22-08-2021\">Conseil des ministres: All\u00e8gement du confinement, production du vaccin anti-Covid et Air Alg\u00e9rie<\/a> est apparu en premier sur <a rel=\"nofollow\" href=\"https:\/\/www.elwatan.com\/\">El Watan<\/a>.<\/p>\n<\/div>\n<p>Auteur: Abdelghani Aichoun<br \/>\n<a href=\"https:\/\/www.elwatan.com\/edition\/actualite\/conseil-des-ministres-allegement-du-confinement-production-du-vaccin-anti-covid-et-air-algerie-22-08-2021\">Cliquez ici pour lire l&rsquo;article depuis sa source.<\/a><\/p>\n","protected":false},"excerpt":{"rendered":"<p>Le pr\u00e9sident de la R\u00e9publique, Chef supr\u00eame des Forces arm\u00e9es, ministre de la D\u00e9fense nationale, Abdelmadjid Tebboune, a pr\u00e9sid\u00e9 dimanche 22 ao\u00fbt une r\u00e9union du Conseil des ministres consacr\u00e9e \u00e0 l\u2019examen d\u2019expos\u00e9s relatifs aux secteurs de la Justice, de l\u2019Int\u00e9rieur, du Travail, de l\u2019emploi et de la s\u00e9curit\u00e9 sociale, de l\u2019Industrie pharmaceutique, de la Communication [&hellip;]<\/p>\n","protected":false},"author":1743,"featured_media":0,"comment_status":"closed","ping_status":"closed","sticky":false,"template":"","format":"standard","meta":{"fifu_image_url":"https:\/\/www.elwatan.com\/wp-content\/themes\/spectr\/img\/default-picture-709x366_c.jpg","fifu_image_alt":"Conseil des ministres: All\u00e8gement du confinement, production du vaccin anti-Covid et Air Alg\u00e9rie","footnotes":""},"categories":[73,53],"tags":[],"class_list":["post-124834","post","type-post","status-publish","format-standard","hentry","category-actualite","category-algerie"],"_links":{"self":[{"href":"https:\/\/linitiative.ca\/International\/wp-json\/wp\/v2\/posts\/124834","targetHints":{"allow":["GET"]}}],"collection":[{"href":"https:\/\/linitiative.ca\/International\/wp-json\/wp\/v2\/posts"}],"about":[{"href":"https:\/\/linitiative.ca\/International\/wp-json\/wp\/v2\/types\/post"}],"author":[{"embeddable":true,"href":"https:\/\/linitiative.ca\/International\/wp-json\/wp\/v2\/users\/1743"}],"replies":[{"embeddable":true,"href":"https:\/\/linitiative.ca\/International\/wp-json\/wp\/v2\/comments?post=124834"}],"version-history":[{"count":0,"href":"https:\/\/linitiative.ca\/International\/wp-json\/wp\/v2\/posts\/124834\/revisions"}],"wp:attachment":[{"href":"https:\/\/linitiative.ca\/International\/wp-json\/wp\/v2\/media?parent=124834"}],"wp:term":[{"taxonomy":"category","embeddable":true,"href":"https:\/\/linitiative.ca\/International\/wp-json\/wp\/v2\/categories?post=124834"},{"taxonomy":"post_tag","embeddable":true,"href":"https:\/\/linitiative.ca\/International\/wp-json\/wp\/v2\/tags?post=124834"}],"curies":[{"name":"wp","href":"https:\/\/api.w.org\/{rel}","templated":true}]}}