{"id":124840,"date":"2021-08-22T06:00:00","date_gmt":"2021-08-22T10:00:00","guid":{"rendered":"https:\/\/linitiative.ca\/International\/allegri-assure-que-ronaldo-reste-a-la-juventus\/"},"modified":"2021-08-22T06:00:00","modified_gmt":"2021-08-22T10:00:00","slug":"allegri-assure-que-ronaldo-reste-a-la-juventus","status":"publish","type":"post","link":"https:\/\/linitiative.ca\/International\/allegri-assure-que-ronaldo-reste-a-la-juventus\/","title":{"rendered":"Allegri assure que Ronaldo reste \u00e0 la Juventus"},"content":{"rendered":"<div>Cristiano Ronaldo, au c\u0153ur de rumeurs de transfert r\u00e9currentes, va rester \u00e0 la Juventus, a affirm\u00e9 samedi l&rsquo;entra\u00eeneur bianconero Massimiliano Allegri, pr\u00e9cisant avoir eu des assurances en ce sens de la star portugaise.<br \/>\n\u00abA moi, Ronaldo m&rsquo;a dit<\/div>\n<p>Auteur:<br \/>\n<a href=\"https:\/\/www.lesoirdalgerie.com\/sports\/allegri-assure-que-ronaldo-reste-a-la-juventus-66306\">Cliquez ici pour lire l&rsquo;article depuis sa source.<\/a><\/p>\n","protected":false},"excerpt":{"rendered":"<p>Cristiano Ronaldo, au c\u0153ur de rumeurs de transfert r\u00e9currentes, va rester \u00e0 la Juventus, a affirm\u00e9 samedi l&rsquo;entra\u00eeneur bianconero Massimiliano Allegri, pr\u00e9cisant avoir eu des assurances en ce sens de la star portugaise. \u00abA moi, Ronaldo m&rsquo;a dit Auteur: Cliquez ici pour lire l&rsquo;article depuis sa source.<\/p>\n","protected":false},"author":1741,"featured_media":0,"comment_status":"closed","ping_status":"closed","sticky":false,"template":"","format":"standard","meta":{"fifu_image_url":"","fifu_image_alt":"","footnotes":""},"categories":[73,53],"tags":[],"class_list":["post-124840","post","type-post","status-publish","format-standard","hentry","category-actualite","category-algerie"],"_links":{"self":[{"href":"https:\/\/linitiative.ca\/International\/wp-json\/wp\/v2\/posts\/124840","targetHints":{"allow":["GET"]}}],"collection":[{"href":"https:\/\/linitiative.ca\/International\/wp-json\/wp\/v2\/posts"}],"about":[{"href":"https:\/\/linitiative.ca\/International\/wp-json\/wp\/v2\/types\/post"}],"author":[{"embeddable":true,"href":"https:\/\/linitiative.ca\/International\/wp-json\/wp\/v2\/users\/1741"}],"replies":[{"embeddable":true,"href":"https:\/\/linitiative.ca\/International\/wp-json\/wp\/v2\/comments?post=124840"}],"version-history":[{"count":0,"href":"https:\/\/linitiative.ca\/International\/wp-json\/wp\/v2\/posts\/124840\/revisions"}],"wp:attachment":[{"href":"https:\/\/linitiative.ca\/International\/wp-json\/wp\/v2\/media?parent=124840"}],"wp:term":[{"taxonomy":"category","embeddable":true,"href":"https:\/\/linitiative.ca\/International\/wp-json\/wp\/v2\/categories?post=124840"},{"taxonomy":"post_tag","embeddable":true,"href":"https:\/\/linitiative.ca\/International\/wp-json\/wp\/v2\/tags?post=124840"}],"curies":[{"name":"wp","href":"https:\/\/api.w.org\/{rel}","templated":true}]}}