{"id":124841,"date":"2021-08-22T06:00:00","date_gmt":"2021-08-22T10:00:00","guid":{"rendered":"https:\/\/linitiative.ca\/International\/florenzi-prete-au-milan-ac\/"},"modified":"2021-08-22T06:00:00","modified_gmt":"2021-08-22T10:00:00","slug":"florenzi-prete-au-milan-ac","status":"publish","type":"post","link":"https:\/\/linitiative.ca\/International\/florenzi-prete-au-milan-ac\/","title":{"rendered":"Florenzi pr\u00eat\u00e9 au Milan AC"},"content":{"rendered":"<div>L&rsquo;international italien Alessandro Florenzi est pr\u00eat\u00e9 pour une saison, avec option d&rsquo;achat, \u00e0 l&rsquo;AC Milan par l&rsquo;AS Rome, ont officialis\u00e9 samedi les deux clubs, au lendemain de la visite m\u00e9dicale du joueur \u00e0 Milan. Le champion d&rsquo;Europe italien \u00abs&rsquo;engage<\/div>\n<p>Auteur:<br \/>\n<a href=\"https:\/\/www.lesoirdalgerie.com\/sports\/florenzi-prete-au-milan-ac-66305\">Cliquez ici pour lire l&rsquo;article depuis sa source.<\/a><\/p>\n","protected":false},"excerpt":{"rendered":"<p>L&rsquo;international italien Alessandro Florenzi est pr\u00eat\u00e9 pour une saison, avec option d&rsquo;achat, \u00e0 l&rsquo;AC Milan par l&rsquo;AS Rome, ont officialis\u00e9 samedi les deux clubs, au lendemain de la visite m\u00e9dicale du joueur \u00e0 Milan. Le champion d&rsquo;Europe italien \u00abs&rsquo;engage Auteur: Cliquez ici pour lire l&rsquo;article depuis sa source.<\/p>\n","protected":false},"author":1741,"featured_media":0,"comment_status":"closed","ping_status":"closed","sticky":false,"template":"","format":"standard","meta":{"fifu_image_url":"","fifu_image_alt":"","footnotes":""},"categories":[73,53],"tags":[],"class_list":["post-124841","post","type-post","status-publish","format-standard","hentry","category-actualite","category-algerie"],"_links":{"self":[{"href":"https:\/\/linitiative.ca\/International\/wp-json\/wp\/v2\/posts\/124841","targetHints":{"allow":["GET"]}}],"collection":[{"href":"https:\/\/linitiative.ca\/International\/wp-json\/wp\/v2\/posts"}],"about":[{"href":"https:\/\/linitiative.ca\/International\/wp-json\/wp\/v2\/types\/post"}],"author":[{"embeddable":true,"href":"https:\/\/linitiative.ca\/International\/wp-json\/wp\/v2\/users\/1741"}],"replies":[{"embeddable":true,"href":"https:\/\/linitiative.ca\/International\/wp-json\/wp\/v2\/comments?post=124841"}],"version-history":[{"count":0,"href":"https:\/\/linitiative.ca\/International\/wp-json\/wp\/v2\/posts\/124841\/revisions"}],"wp:attachment":[{"href":"https:\/\/linitiative.ca\/International\/wp-json\/wp\/v2\/media?parent=124841"}],"wp:term":[{"taxonomy":"category","embeddable":true,"href":"https:\/\/linitiative.ca\/International\/wp-json\/wp\/v2\/categories?post=124841"},{"taxonomy":"post_tag","embeddable":true,"href":"https:\/\/linitiative.ca\/International\/wp-json\/wp\/v2\/tags?post=124841"}],"curies":[{"name":"wp","href":"https:\/\/api.w.org\/{rel}","templated":true}]}}