{"id":124842,"date":"2021-08-22T06:00:00","date_gmt":"2021-08-22T10:00:00","guid":{"rendered":"https:\/\/linitiative.ca\/International\/mise-a-lecart-de-ndombele\/"},"modified":"2021-08-22T06:00:00","modified_gmt":"2021-08-22T10:00:00","slug":"mise-a-lecart-de-ndombele","status":"publish","type":"post","link":"https:\/\/linitiative.ca\/International\/mise-a-lecart-de-ndombele\/","title":{"rendered":"Mise \u00e0 l\u2019\u00e9cart de Ndombele"},"content":{"rendered":"<div>L&rsquo;avenir du milieu de terrain fran\u00e7ais Tanguy Ndombele semble compromis \u00e0 Tottenham o\u00f9 l&rsquo;entra\u00eeneur Nuno Espirito Santo a indiqu\u00e9 vendredi qu&rsquo;il ne jouerait pas, dimanche, contre Wolverhampton, alors que le doute persiste pour Harry Kane. Arriv\u00e9 il y<\/div>\n<p>Auteur:<br \/>\n<a href=\"https:\/\/www.lesoirdalgerie.com\/sports\/mise-a-lecart-de-ndombele-66304\">Cliquez ici pour lire l&rsquo;article depuis sa source.<\/a><\/p>\n","protected":false},"excerpt":{"rendered":"<p>L&rsquo;avenir du milieu de terrain fran\u00e7ais Tanguy Ndombele semble compromis \u00e0 Tottenham o\u00f9 l&rsquo;entra\u00eeneur Nuno Espirito Santo a indiqu\u00e9 vendredi qu&rsquo;il ne jouerait pas, dimanche, contre Wolverhampton, alors que le doute persiste pour Harry Kane. Arriv\u00e9 il y Auteur: Cliquez ici pour lire l&rsquo;article depuis sa source.<\/p>\n","protected":false},"author":1741,"featured_media":0,"comment_status":"closed","ping_status":"closed","sticky":false,"template":"","format":"standard","meta":{"fifu_image_url":"","fifu_image_alt":"","footnotes":""},"categories":[73,53],"tags":[],"class_list":["post-124842","post","type-post","status-publish","format-standard","hentry","category-actualite","category-algerie"],"_links":{"self":[{"href":"https:\/\/linitiative.ca\/International\/wp-json\/wp\/v2\/posts\/124842","targetHints":{"allow":["GET"]}}],"collection":[{"href":"https:\/\/linitiative.ca\/International\/wp-json\/wp\/v2\/posts"}],"about":[{"href":"https:\/\/linitiative.ca\/International\/wp-json\/wp\/v2\/types\/post"}],"author":[{"embeddable":true,"href":"https:\/\/linitiative.ca\/International\/wp-json\/wp\/v2\/users\/1741"}],"replies":[{"embeddable":true,"href":"https:\/\/linitiative.ca\/International\/wp-json\/wp\/v2\/comments?post=124842"}],"version-history":[{"count":0,"href":"https:\/\/linitiative.ca\/International\/wp-json\/wp\/v2\/posts\/124842\/revisions"}],"wp:attachment":[{"href":"https:\/\/linitiative.ca\/International\/wp-json\/wp\/v2\/media?parent=124842"}],"wp:term":[{"taxonomy":"category","embeddable":true,"href":"https:\/\/linitiative.ca\/International\/wp-json\/wp\/v2\/categories?post=124842"},{"taxonomy":"post_tag","embeddable":true,"href":"https:\/\/linitiative.ca\/International\/wp-json\/wp\/v2\/tags?post=124842"}],"curies":[{"name":"wp","href":"https:\/\/api.w.org\/{rel}","templated":true}]}}