{"id":124843,"date":"2021-08-21T19:21:33","date_gmt":"2021-08-21T23:21:33","guid":{"rendered":"https:\/\/linitiative.ca\/International\/lespagne-et-leurope-rejouis-et-optimistes-face-au-discours-royal\/"},"modified":"2021-08-21T19:21:33","modified_gmt":"2021-08-21T23:21:33","slug":"lespagne-et-leurope-rejouis-et-optimistes-face-au-discours-royal","status":"publish","type":"post","link":"https:\/\/linitiative.ca\/International\/lespagne-et-leurope-rejouis-et-optimistes-face-au-discours-royal\/","title":{"rendered":"L\u2019Espagne et l\u2019Europe r\u00e9jouis et optimistes face au discours royal"},"content":{"rendered":"<div><img decoding=\"async\" width=\"700\" height=\"394\" src=\"https:\/\/linitiative.ca\/International\/wp-content\/uploads\/sites\/23\/2021\/08\/pedro.jpg\" class=\"attachment-post-thumbnail size-post-thumbnail wp-post-image\" alt=\"\" loading=\"lazy\" srcset=\"https:\/\/linitiative.ca\/International\/wp-content\/uploads\/sites\/23\/2021\/08\/pedro.jpg 700w, https:\/\/www.challenge.ma\/wp-content\/uploads\/2021\/08\/pedro-300x169.jpg 300w, https:\/\/www.challenge.ma\/wp-content\/uploads\/2021\/08\/pedro-360x203.jpg 360w\" sizes=\"auto, (max-width: 700px) 100vw, 700px\" itemprop=\"image\">Au lendemain du discours royal adress\u00e9 \u00e0 l\u2019occasion du 68\u00e8me anniversaire de la R\u00e9volution du Roi et du Peuple, l\u2019Espagne \u00e0 travers ses dirigeants ainsi que ses m\u00e9dias et le reste de l\u2019Europe ont r\u00e9agi avec optimisme au discours royal. Le pr\u00e9sident du gouvernement espagnol, Pedro Sanchez, a r\u00e9agi au<\/div>\n<p>Auteur: challenge<br \/>\n<a href=\"https:\/\/www.challenge.ma\/lespagne-et-leurope-rejouis-et-optimistes-face-au-discours-royal-196266\/\">Cliquez ici pour lire l&rsquo;article depuis sa source.<\/a><\/p>\n","protected":false},"excerpt":{"rendered":"<p>Au lendemain du discours royal adress\u00e9 \u00e0 l\u2019occasion du 68\u00e8me anniversaire de la R\u00e9volution du Roi et du Peuple, l\u2019Espagne \u00e0 travers ses dirigeants ainsi que ses m\u00e9dias et le reste de l\u2019Europe ont r\u00e9agi avec optimisme au discours royal. Le pr\u00e9sident du gouvernement espagnol, Pedro Sanchez, a r\u00e9agi au Auteur: challenge Cliquez ici pour [&hellip;]<\/p>\n","protected":false},"author":1787,"featured_media":0,"comment_status":"closed","ping_status":"closed","sticky":false,"template":"","format":"standard","meta":{"fifu_image_url":"https:\/\/www.challenge.ma\/wp-content\/uploads\/2021\/08\/pedro.jpg","fifu_image_alt":"L\u2019Espagne et l\u2019Europe r\u00e9jouis et optimistes face au discours royal","footnotes":""},"categories":[78,54],"tags":[],"class_list":["post-124843","post","type-post","status-publish","format-standard","hentry","category-economie","category-maroc"],"_links":{"self":[{"href":"https:\/\/linitiative.ca\/International\/wp-json\/wp\/v2\/posts\/124843","targetHints":{"allow":["GET"]}}],"collection":[{"href":"https:\/\/linitiative.ca\/International\/wp-json\/wp\/v2\/posts"}],"about":[{"href":"https:\/\/linitiative.ca\/International\/wp-json\/wp\/v2\/types\/post"}],"author":[{"embeddable":true,"href":"https:\/\/linitiative.ca\/International\/wp-json\/wp\/v2\/users\/1787"}],"replies":[{"embeddable":true,"href":"https:\/\/linitiative.ca\/International\/wp-json\/wp\/v2\/comments?post=124843"}],"version-history":[{"count":0,"href":"https:\/\/linitiative.ca\/International\/wp-json\/wp\/v2\/posts\/124843\/revisions"}],"wp:attachment":[{"href":"https:\/\/linitiative.ca\/International\/wp-json\/wp\/v2\/media?parent=124843"}],"wp:term":[{"taxonomy":"category","embeddable":true,"href":"https:\/\/linitiative.ca\/International\/wp-json\/wp\/v2\/categories?post=124843"},{"taxonomy":"post_tag","embeddable":true,"href":"https:\/\/linitiative.ca\/International\/wp-json\/wp\/v2\/tags?post=124843"}],"curies":[{"name":"wp","href":"https:\/\/api.w.org\/{rel}","templated":true}]}}