{"id":124845,"date":"2021-08-22T05:19:18","date_gmt":"2021-08-22T09:19:18","guid":{"rendered":"https:\/\/linitiative.ca\/International\/rentree-scolaire-le-ministere-de-leducation-dement-toute-modification-des-dates\/"},"modified":"2021-08-22T05:19:18","modified_gmt":"2021-08-22T09:19:18","slug":"rentree-scolaire-le-ministere-de-leducation-dement-toute-modification-des-dates","status":"publish","type":"post","link":"https:\/\/linitiative.ca\/International\/rentree-scolaire-le-ministere-de-leducation-dement-toute-modification-des-dates\/","title":{"rendered":"Rentr\u00e9e scolaire. Le minist\u00e8re de l\u2019\u00c9ducation d\u00e9ment toute modification des dates"},"content":{"rendered":"<div><img decoding=\"async\" width=\"798\" height=\"532\" src=\"https:\/\/linitiative.ca\/International\/wp-content\/uploads\/sites\/23\/2021\/08\/Rentree-scolaire-2021-2022.jpg\" class=\"attachment-post-thumbnail size-post-thumbnail wp-post-image\" alt=\"\" loading=\"lazy\" srcset=\"https:\/\/linitiative.ca\/International\/wp-content\/uploads\/sites\/23\/2021\/08\/Rentree-scolaire-2021-2022.jpg 798w, https:\/\/www.challenge.ma\/wp-content\/uploads\/2021\/08\/Rentree-scolaire-2021-2022-300x200.jpg 300w, https:\/\/www.challenge.ma\/wp-content\/uploads\/2021\/08\/Rentree-scolaire-2021-2022-768x512.jpg 768w, https:\/\/www.challenge.ma\/wp-content\/uploads\/2021\/08\/Rentree-scolaire-2021-2022-360x240.jpg 360w, https:\/\/www.challenge.ma\/wp-content\/uploads\/2021\/08\/Rentree-scolaire-2021-2022-750x500.jpg 750w\" sizes=\"auto, (max-width: 798px) 100vw, 798px\" itemprop=\"image\">Le minist\u00e8re de l\u2019\u00c9ducation nationale, de la Formation professionnelle, de l\u2019Enseignement sup\u00e9rieur et de la Recherche scientifique a d\u00e9menti toute modification des dates de la rentr\u00e9e scolaire 2021-2022, en r\u00e9action \u00e0 des informations ayant circul\u00e9 dans ce sens. \u00abSuite aux informations infond\u00e9es v\u00e9hicul\u00e9es par certains individus au sujet de modifications<\/div>\n<p>Auteur: challenge<br \/>\n<a href=\"https:\/\/www.challenge.ma\/rentree-scolaire-le-ministere-de-leducation-dement-toute-modification-des-dates-196277\/\">Cliquez ici pour lire l&rsquo;article depuis sa source.<\/a><\/p>\n","protected":false},"excerpt":{"rendered":"<p>Le minist\u00e8re de l\u2019\u00c9ducation nationale, de la Formation professionnelle, de l\u2019Enseignement sup\u00e9rieur et de la Recherche scientifique a d\u00e9menti toute modification des dates de la rentr\u00e9e scolaire 2021-2022, en r\u00e9action \u00e0 des informations ayant circul\u00e9 dans ce sens. \u00abSuite aux informations infond\u00e9es v\u00e9hicul\u00e9es par certains individus au sujet de modifications Auteur: challenge Cliquez ici pour [&hellip;]<\/p>\n","protected":false},"author":1787,"featured_media":0,"comment_status":"closed","ping_status":"closed","sticky":false,"template":"","format":"standard","meta":{"fifu_image_url":"https:\/\/www.challenge.ma\/wp-content\/uploads\/2021\/08\/Rentree-scolaire-2021-2022.jpg","fifu_image_alt":"Rentr\u00e9e scolaire. Le minist\u00e8re de l\u2019\u00c9ducation d\u00e9ment toute modification des dates","footnotes":""},"categories":[78,54],"tags":[],"class_list":["post-124845","post","type-post","status-publish","format-standard","hentry","category-economie","category-maroc"],"_links":{"self":[{"href":"https:\/\/linitiative.ca\/International\/wp-json\/wp\/v2\/posts\/124845","targetHints":{"allow":["GET"]}}],"collection":[{"href":"https:\/\/linitiative.ca\/International\/wp-json\/wp\/v2\/posts"}],"about":[{"href":"https:\/\/linitiative.ca\/International\/wp-json\/wp\/v2\/types\/post"}],"author":[{"embeddable":true,"href":"https:\/\/linitiative.ca\/International\/wp-json\/wp\/v2\/users\/1787"}],"replies":[{"embeddable":true,"href":"https:\/\/linitiative.ca\/International\/wp-json\/wp\/v2\/comments?post=124845"}],"version-history":[{"count":0,"href":"https:\/\/linitiative.ca\/International\/wp-json\/wp\/v2\/posts\/124845\/revisions"}],"wp:attachment":[{"href":"https:\/\/linitiative.ca\/International\/wp-json\/wp\/v2\/media?parent=124845"}],"wp:term":[{"taxonomy":"category","embeddable":true,"href":"https:\/\/linitiative.ca\/International\/wp-json\/wp\/v2\/categories?post=124845"},{"taxonomy":"post_tag","embeddable":true,"href":"https:\/\/linitiative.ca\/International\/wp-json\/wp\/v2\/tags?post=124845"}],"curies":[{"name":"wp","href":"https:\/\/api.w.org\/{rel}","templated":true}]}}