{"id":124847,"date":"2021-08-22T10:41:51","date_gmt":"2021-08-22T14:41:51","guid":{"rendered":"https:\/\/linitiative.ca\/International\/transport-aerien-ryanair-deploie-10-nouvelles-liaisons-au-maroc\/"},"modified":"2021-08-22T10:41:51","modified_gmt":"2021-08-22T14:41:51","slug":"transport-aerien-ryanair-deploie-10-nouvelles-liaisons-au-maroc","status":"publish","type":"post","link":"https:\/\/linitiative.ca\/International\/transport-aerien-ryanair-deploie-10-nouvelles-liaisons-au-maroc\/","title":{"rendered":"Transport a\u00e9rien : Ryanair d\u00e9ploie 10 nouvelles liaisons au Maroc"},"content":{"rendered":"<div><img decoding=\"async\" width=\"768\" height=\"454\" src=\"https:\/\/linitiative.ca\/International\/wp-content\/uploads\/sites\/23\/2021\/08\/Ryanair-18-768x576-1.jpg\" class=\"attachment-post-thumbnail size-post-thumbnail wp-post-image\" alt=\"\" loading=\"lazy\" srcset=\"https:\/\/linitiative.ca\/International\/wp-content\/uploads\/sites\/23\/2021\/08\/Ryanair-18-768x576-1.jpg 768w, https:\/\/www.challenge.ma\/wp-content\/uploads\/2021\/08\/Ryanair-18-768x576-1-300x177.jpg 300w, https:\/\/www.challenge.ma\/wp-content\/uploads\/2021\/08\/Ryanair-18-768x576-1-360x213.jpg 360w, https:\/\/www.challenge.ma\/wp-content\/uploads\/2021\/08\/Ryanair-18-768x576-1-750x443.jpg 750w\" sizes=\"auto, (max-width: 768px) 100vw, 768px\" itemprop=\"image\">Ryanair a annonc\u00e9 r\u00e9cemment l\u2019ouverture d\u2019une dizaine de liaisons a\u00e9riennes vers et depuis le Maroc \u00e0 compter de la saison hivernale 2021\/22. Des vols qui relieront dans le d\u00e9tail Agadir \u00e0 Pise (Italie) et Perpignan (France), mais \u00e9galement Barcelone en direction de Rabat et d\u2019Oujda. Par ailleurs, la compagnie irlandaise<\/div>\n<p>Auteur: challenge<br \/>\n<a href=\"https:\/\/www.challenge.ma\/transport-aerien-ryanair-deploie-10-nouvelles-liaisons-au-maroc-196288\/\">Cliquez ici pour lire l&rsquo;article depuis sa source.<\/a><\/p>\n","protected":false},"excerpt":{"rendered":"<p>Ryanair a annonc\u00e9 r\u00e9cemment l\u2019ouverture d\u2019une dizaine de liaisons a\u00e9riennes vers et depuis le Maroc \u00e0 compter de la saison hivernale 2021\/22. Des vols qui relieront dans le d\u00e9tail Agadir \u00e0 Pise (Italie) et Perpignan (France), mais \u00e9galement Barcelone en direction de Rabat et d\u2019Oujda. Par ailleurs, la compagnie irlandaise Auteur: challenge Cliquez ici pour [&hellip;]<\/p>\n","protected":false},"author":1787,"featured_media":0,"comment_status":"closed","ping_status":"closed","sticky":false,"template":"","format":"standard","meta":{"fifu_image_url":"https:\/\/www.challenge.ma\/wp-content\/uploads\/2021\/08\/Ryanair-18-768x576-1.jpg","fifu_image_alt":"Transport a\u00e9rien : Ryanair d\u00e9ploie 10 nouvelles liaisons au Maroc","footnotes":""},"categories":[78,54],"tags":[],"class_list":["post-124847","post","type-post","status-publish","format-standard","hentry","category-economie","category-maroc"],"_links":{"self":[{"href":"https:\/\/linitiative.ca\/International\/wp-json\/wp\/v2\/posts\/124847","targetHints":{"allow":["GET"]}}],"collection":[{"href":"https:\/\/linitiative.ca\/International\/wp-json\/wp\/v2\/posts"}],"about":[{"href":"https:\/\/linitiative.ca\/International\/wp-json\/wp\/v2\/types\/post"}],"author":[{"embeddable":true,"href":"https:\/\/linitiative.ca\/International\/wp-json\/wp\/v2\/users\/1787"}],"replies":[{"embeddable":true,"href":"https:\/\/linitiative.ca\/International\/wp-json\/wp\/v2\/comments?post=124847"}],"version-history":[{"count":0,"href":"https:\/\/linitiative.ca\/International\/wp-json\/wp\/v2\/posts\/124847\/revisions"}],"wp:attachment":[{"href":"https:\/\/linitiative.ca\/International\/wp-json\/wp\/v2\/media?parent=124847"}],"wp:term":[{"taxonomy":"category","embeddable":true,"href":"https:\/\/linitiative.ca\/International\/wp-json\/wp\/v2\/categories?post=124847"},{"taxonomy":"post_tag","embeddable":true,"href":"https:\/\/linitiative.ca\/International\/wp-json\/wp\/v2\/tags?post=124847"}],"curies":[{"name":"wp","href":"https:\/\/api.w.org\/{rel}","templated":true}]}}