{"id":124851,"date":"2021-08-22T14:38:57","date_gmt":"2021-08-22T18:38:57","guid":{"rendered":"https:\/\/linitiative.ca\/International\/tunisie-abdellatif-aloui-a-demissionne-parce-quil-avait-peur-de-kais-saied\/"},"modified":"2021-08-22T14:38:57","modified_gmt":"2021-08-22T18:38:57","slug":"tunisie-abdellatif-aloui-a-demissionne-parce-quil-avait-peur-de-kais-saied","status":"publish","type":"post","link":"https:\/\/linitiative.ca\/International\/tunisie-abdellatif-aloui-a-demissionne-parce-quil-avait-peur-de-kais-saied\/","title":{"rendered":"Tunisie \u2013 Abdellatif Aloui a d\u00e9missionn\u00e9 parce qu\u2019il avait peur de Ka\u00efs Sa\u00efed"},"content":{"rendered":"<div>\n<p>Le d\u00e9put\u00e9 gel\u00e9 du bloc d\u2019Al Karama, Abdellatif Aloui, a annonc\u00e9, ce dimanche, sa d\u00e9mission du parti, et de son bloc parlementaire, et qu\u2019il se retrairait d\u00e9finitivement de la vie politique et de la sc\u00e8ne m\u00e9diatique, et de toute activit\u00e9 publique. Le d\u00e9put\u00e9 d\u00e9missionnaire n\u2019a pas pr\u00e9cis\u00e9 les raisons de son retrait. Mais le porte [\u2026]<\/p>\n<p>L\u2019article <a href=\"https:\/\/www.tunisienumerique.com\/tunisie-abdellatif-aloui-a-demissionne-parce-quil-avait-peur-de-kais-saied\/\">Tunisie \u2013 Abdellatif Aloui a d\u00e9missionn\u00e9 parce qu\u2019il avait peur de Ka\u00efs Sa\u00efed<\/a> est apparu en premier sur <a href=\"http:\/\/www.tunisienumerique.com\/\">Tunisie<\/a>.<\/p>\n<\/div>\n<p>Auteur: LM<br \/>\n<a href=\"https:\/\/www.tunisienumerique.com\/tunisie-abdellatif-aloui-a-demissionne-parce-quil-avait-peur-de-kais-saied\/\">Cliquez ici pour lire l&rsquo;article depuis sa source.<\/a><\/p>\n","protected":false},"excerpt":{"rendered":"<p>Le d\u00e9put\u00e9 gel\u00e9 du bloc d\u2019Al Karama, Abdellatif Aloui, a annonc\u00e9, ce dimanche, sa d\u00e9mission du parti, et de son bloc parlementaire, et qu\u2019il se retrairait d\u00e9finitivement de la vie politique et de la sc\u00e8ne m\u00e9diatique, et de toute activit\u00e9 publique. Le d\u00e9put\u00e9 d\u00e9missionnaire n\u2019a pas pr\u00e9cis\u00e9 les raisons de son retrait. Mais le porte [&hellip;]<\/p>\n","protected":false},"author":1789,"featured_media":0,"comment_status":"closed","ping_status":"closed","sticky":false,"template":"","format":"standard","meta":{"fifu_image_url":"","fifu_image_alt":"","footnotes":""},"categories":[73,55],"tags":[],"class_list":["post-124851","post","type-post","status-publish","format-standard","hentry","category-actualite","category-tunisie"],"_links":{"self":[{"href":"https:\/\/linitiative.ca\/International\/wp-json\/wp\/v2\/posts\/124851","targetHints":{"allow":["GET"]}}],"collection":[{"href":"https:\/\/linitiative.ca\/International\/wp-json\/wp\/v2\/posts"}],"about":[{"href":"https:\/\/linitiative.ca\/International\/wp-json\/wp\/v2\/types\/post"}],"author":[{"embeddable":true,"href":"https:\/\/linitiative.ca\/International\/wp-json\/wp\/v2\/users\/1789"}],"replies":[{"embeddable":true,"href":"https:\/\/linitiative.ca\/International\/wp-json\/wp\/v2\/comments?post=124851"}],"version-history":[{"count":0,"href":"https:\/\/linitiative.ca\/International\/wp-json\/wp\/v2\/posts\/124851\/revisions"}],"wp:attachment":[{"href":"https:\/\/linitiative.ca\/International\/wp-json\/wp\/v2\/media?parent=124851"}],"wp:term":[{"taxonomy":"category","embeddable":true,"href":"https:\/\/linitiative.ca\/International\/wp-json\/wp\/v2\/categories?post=124851"},{"taxonomy":"post_tag","embeddable":true,"href":"https:\/\/linitiative.ca\/International\/wp-json\/wp\/v2\/tags?post=124851"}],"curies":[{"name":"wp","href":"https:\/\/api.w.org\/{rel}","templated":true}]}}