{"id":124853,"date":"2021-08-22T15:00:25","date_gmt":"2021-08-22T19:00:25","guid":{"rendered":"https:\/\/linitiative.ca\/International\/jendouba-photos-les-vacanciers-affluent-sur-les-plages-de-tabarka\/"},"modified":"2021-08-22T15:00:25","modified_gmt":"2021-08-22T19:00:25","slug":"jendouba-photos-les-vacanciers-affluent-sur-les-plages-de-tabarka","status":"publish","type":"post","link":"https:\/\/linitiative.ca\/International\/jendouba-photos-les-vacanciers-affluent-sur-les-plages-de-tabarka\/","title":{"rendered":"Jendouba [PHOTOS] : Les vacanciers affluent sur les plages de Tabarka"},"content":{"rendered":"<div>\n<p>Aujourd\u2019hui, dimanche 22 ao\u00fbt 2021, les plages de la d\u00e9l\u00e9gation de Tabarka de Jendouba ont connu un afflux intense de vacanciers en raison de la hausse des temp\u00e9ratures. \u00a0 \u00a0<\/p>\n<p>L\u2019article <a href=\"https:\/\/www.tunisienumerique.com\/jendouba-photos-les-vacanciers-affluent-sur-les-plages-de-tabarka\/\">Jendouba [PHOTOS] : Les vacanciers affluent sur les plages de Tabarka<\/a> est apparu en premier sur <a href=\"http:\/\/www.tunisienumerique.com\/\">Tunisie<\/a>.<\/p>\n<\/div>\n<p>Auteur: rania ben slimane<br \/>\n<a href=\"https:\/\/www.tunisienumerique.com\/jendouba-photos-les-vacanciers-affluent-sur-les-plages-de-tabarka\/\">Cliquez ici pour lire l&rsquo;article depuis sa source.<\/a><\/p>\n","protected":false},"excerpt":{"rendered":"<p>Aujourd\u2019hui, dimanche 22 ao\u00fbt 2021, les plages de la d\u00e9l\u00e9gation de Tabarka de Jendouba ont connu un afflux intense de vacanciers en raison de la hausse des temp\u00e9ratures. \u00a0 \u00a0 L\u2019article Jendouba [PHOTOS] : Les vacanciers affluent sur les plages de Tabarka est apparu en premier sur Tunisie. Auteur: rania ben slimane Cliquez ici pour [&hellip;]<\/p>\n","protected":false},"author":1789,"featured_media":0,"comment_status":"closed","ping_status":"closed","sticky":false,"template":"","format":"standard","meta":{"fifu_image_url":"","fifu_image_alt":"","footnotes":""},"categories":[73,55],"tags":[],"class_list":["post-124853","post","type-post","status-publish","format-standard","hentry","category-actualite","category-tunisie"],"_links":{"self":[{"href":"https:\/\/linitiative.ca\/International\/wp-json\/wp\/v2\/posts\/124853","targetHints":{"allow":["GET"]}}],"collection":[{"href":"https:\/\/linitiative.ca\/International\/wp-json\/wp\/v2\/posts"}],"about":[{"href":"https:\/\/linitiative.ca\/International\/wp-json\/wp\/v2\/types\/post"}],"author":[{"embeddable":true,"href":"https:\/\/linitiative.ca\/International\/wp-json\/wp\/v2\/users\/1789"}],"replies":[{"embeddable":true,"href":"https:\/\/linitiative.ca\/International\/wp-json\/wp\/v2\/comments?post=124853"}],"version-history":[{"count":0,"href":"https:\/\/linitiative.ca\/International\/wp-json\/wp\/v2\/posts\/124853\/revisions"}],"wp:attachment":[{"href":"https:\/\/linitiative.ca\/International\/wp-json\/wp\/v2\/media?parent=124853"}],"wp:term":[{"taxonomy":"category","embeddable":true,"href":"https:\/\/linitiative.ca\/International\/wp-json\/wp\/v2\/categories?post=124853"},{"taxonomy":"post_tag","embeddable":true,"href":"https:\/\/linitiative.ca\/International\/wp-json\/wp\/v2\/tags?post=124853"}],"curies":[{"name":"wp","href":"https:\/\/api.w.org\/{rel}","templated":true}]}}