{"id":124854,"date":"2021-08-22T15:43:35","date_gmt":"2021-08-22T19:43:35","guid":{"rendered":"https:\/\/linitiative.ca\/International\/oussema-sghaier-le-dernier-communique-dennahdha-ne-mengage-pas\/"},"modified":"2021-08-22T15:43:35","modified_gmt":"2021-08-22T19:43:35","slug":"oussema-sghaier-le-dernier-communique-dennahdha-ne-mengage-pas","status":"publish","type":"post","link":"https:\/\/linitiative.ca\/International\/oussema-sghaier-le-dernier-communique-dennahdha-ne-mengage-pas\/","title":{"rendered":"Oussema Sghaier : Le dernier communiqu\u00e9 d\u2019Ennahdha ne m\u2019engage pas"},"content":{"rendered":"<div>\n<p>\u201cLe dernier communiqu\u00e9 du mouvement qui tient les bases de partisans responsables, ne m\u2019engage pas\u201c, a d\u00e9clar\u00e9 le d\u00e9put\u00e9 gel\u00e9 par ailleurs jeune dirigeant d\u2019Ennahdha, Oussema Sghaier dans un post publi\u00e9 sur sa page le 22 ao\u00fbt 2021. \u00ab Ils auraient d\u00fb auditionner celui qui a incit\u00e9 \u00e0 la mobilisation contre les opposants politiques \u00a0\u00bb, [\u2026]<\/p>\n<p>L\u2019article <a href=\"https:\/\/www.tunisienumerique.com\/oussema-sghaier-le-dernier-communique-dennahdha-ne-mengage-pas\/\">Oussema Sghaier : Le dernier communiqu\u00e9 d\u2019Ennahdha ne m\u2019engage pas<\/a> est apparu en premier sur <a href=\"http:\/\/www.tunisienumerique.com\/\">Tunisie<\/a>.<\/p>\n<\/div>\n<p>Auteur: rania ben slimane<br \/>\n<a href=\"https:\/\/www.tunisienumerique.com\/oussema-sghaier-le-dernier-communique-dennahdha-ne-mengage-pas\/\">Cliquez ici pour lire l&rsquo;article depuis sa source.<\/a><\/p>\n","protected":false},"excerpt":{"rendered":"<p>\u201cLe dernier communiqu\u00e9 du mouvement qui tient les bases de partisans responsables, ne m\u2019engage pas\u201c, a d\u00e9clar\u00e9 le d\u00e9put\u00e9 gel\u00e9 par ailleurs jeune dirigeant d\u2019Ennahdha, Oussema Sghaier dans un post publi\u00e9 sur sa page le 22 ao\u00fbt 2021. \u00ab Ils auraient d\u00fb auditionner celui qui a incit\u00e9 \u00e0 la mobilisation contre les opposants politiques \u00a0\u00bb, [&hellip;]<\/p>\n","protected":false},"author":1789,"featured_media":0,"comment_status":"closed","ping_status":"closed","sticky":false,"template":"","format":"standard","meta":{"fifu_image_url":"","fifu_image_alt":"","footnotes":""},"categories":[73,55],"tags":[],"class_list":["post-124854","post","type-post","status-publish","format-standard","hentry","category-actualite","category-tunisie"],"_links":{"self":[{"href":"https:\/\/linitiative.ca\/International\/wp-json\/wp\/v2\/posts\/124854","targetHints":{"allow":["GET"]}}],"collection":[{"href":"https:\/\/linitiative.ca\/International\/wp-json\/wp\/v2\/posts"}],"about":[{"href":"https:\/\/linitiative.ca\/International\/wp-json\/wp\/v2\/types\/post"}],"author":[{"embeddable":true,"href":"https:\/\/linitiative.ca\/International\/wp-json\/wp\/v2\/users\/1789"}],"replies":[{"embeddable":true,"href":"https:\/\/linitiative.ca\/International\/wp-json\/wp\/v2\/comments?post=124854"}],"version-history":[{"count":0,"href":"https:\/\/linitiative.ca\/International\/wp-json\/wp\/v2\/posts\/124854\/revisions"}],"wp:attachment":[{"href":"https:\/\/linitiative.ca\/International\/wp-json\/wp\/v2\/media?parent=124854"}],"wp:term":[{"taxonomy":"category","embeddable":true,"href":"https:\/\/linitiative.ca\/International\/wp-json\/wp\/v2\/categories?post=124854"},{"taxonomy":"post_tag","embeddable":true,"href":"https:\/\/linitiative.ca\/International\/wp-json\/wp\/v2\/tags?post=124854"}],"curies":[{"name":"wp","href":"https:\/\/api.w.org\/{rel}","templated":true}]}}