{"id":124855,"date":"2021-08-22T16:45:07","date_gmt":"2021-08-22T20:45:07","guid":{"rendered":"https:\/\/linitiative.ca\/International\/mission-spatiale-interview-avec-la-premiere-astronaute-tunisienne-rania-toukebri\/"},"modified":"2021-08-22T16:45:07","modified_gmt":"2021-08-22T20:45:07","slug":"mission-spatiale-interview-avec-la-premiere-astronaute-tunisienne-rania-toukebri","status":"publish","type":"post","link":"https:\/\/linitiative.ca\/International\/mission-spatiale-interview-avec-la-premiere-astronaute-tunisienne-rania-toukebri\/","title":{"rendered":"Mission spatiale : Interview avec la premi\u00e8re astronaute Tunisienne Rania Toukebri"},"content":{"rendered":"<div>\n<p>Dans une interview accord\u00e9e \u00e0 Tunisienumerique, l\u2019ing\u00e9nieur a\u00e9rospatial, par ailleurs premi\u00e8re astronaute Tunisienne, arabe et africaine, Rania Toukebri nous a confi\u00e9 ses premiers r\u00eaves et des moments importants dans sa vie acad\u00e9mique professionnelle. Tout commence par un r\u00eave Depuis son jeune \u00e2ge, Rania a r\u00eav\u00e9 de conqu\u00e9rir l\u2019espace et de la conception d\u2019engins spatiaux\u00a0! Ce [\u2026]<\/p>\n<p>L\u2019article <a href=\"https:\/\/www.tunisienumerique.com\/mission-spatiale-interview-avec-la-premiere-astronaute-tunisienne-rania-toukebri\/\">Mission spatiale : Interview avec la premi\u00e8re astronaute Tunisienne Rania Toukebri<\/a> est apparu en premier sur <a href=\"http:\/\/www.tunisienumerique.com\/\">Tunisie<\/a>.<\/p>\n<\/div>\n<p>Auteur: rania ben slimane<br \/>\n<a href=\"https:\/\/www.tunisienumerique.com\/mission-spatiale-interview-avec-la-premiere-astronaute-tunisienne-rania-toukebri\/\">Cliquez ici pour lire l&rsquo;article depuis sa source.<\/a><\/p>\n","protected":false},"excerpt":{"rendered":"<p>Dans une interview accord\u00e9e \u00e0 Tunisienumerique, l\u2019ing\u00e9nieur a\u00e9rospatial, par ailleurs premi\u00e8re astronaute Tunisienne, arabe et africaine, Rania Toukebri nous a confi\u00e9 ses premiers r\u00eaves et des moments importants dans sa vie acad\u00e9mique professionnelle. Tout commence par un r\u00eave Depuis son jeune \u00e2ge, Rania a r\u00eav\u00e9 de conqu\u00e9rir l\u2019espace et de la conception d\u2019engins spatiaux\u00a0! Ce [&hellip;]<\/p>\n","protected":false},"author":1789,"featured_media":0,"comment_status":"closed","ping_status":"closed","sticky":false,"template":"","format":"standard","meta":{"fifu_image_url":"","fifu_image_alt":"","footnotes":""},"categories":[73,55],"tags":[],"class_list":["post-124855","post","type-post","status-publish","format-standard","hentry","category-actualite","category-tunisie"],"_links":{"self":[{"href":"https:\/\/linitiative.ca\/International\/wp-json\/wp\/v2\/posts\/124855","targetHints":{"allow":["GET"]}}],"collection":[{"href":"https:\/\/linitiative.ca\/International\/wp-json\/wp\/v2\/posts"}],"about":[{"href":"https:\/\/linitiative.ca\/International\/wp-json\/wp\/v2\/types\/post"}],"author":[{"embeddable":true,"href":"https:\/\/linitiative.ca\/International\/wp-json\/wp\/v2\/users\/1789"}],"replies":[{"embeddable":true,"href":"https:\/\/linitiative.ca\/International\/wp-json\/wp\/v2\/comments?post=124855"}],"version-history":[{"count":0,"href":"https:\/\/linitiative.ca\/International\/wp-json\/wp\/v2\/posts\/124855\/revisions"}],"wp:attachment":[{"href":"https:\/\/linitiative.ca\/International\/wp-json\/wp\/v2\/media?parent=124855"}],"wp:term":[{"taxonomy":"category","embeddable":true,"href":"https:\/\/linitiative.ca\/International\/wp-json\/wp\/v2\/categories?post=124855"},{"taxonomy":"post_tag","embeddable":true,"href":"https:\/\/linitiative.ca\/International\/wp-json\/wp\/v2\/tags?post=124855"}],"curies":[{"name":"wp","href":"https:\/\/api.w.org\/{rel}","templated":true}]}}