{"id":124856,"date":"2021-08-22T14:39:55","date_gmt":"2021-08-22T18:39:55","guid":{"rendered":"https:\/\/linitiative.ca\/International\/retrait-partiel-des-troupes-tchadiennes-de-la-zone-des-trois-frontieres\/"},"modified":"2021-08-22T14:39:55","modified_gmt":"2021-08-22T18:39:55","slug":"retrait-partiel-des-troupes-tchadiennes-de-la-zone-des-trois-frontieres","status":"publish","type":"post","link":"https:\/\/linitiative.ca\/International\/retrait-partiel-des-troupes-tchadiennes-de-la-zone-des-trois-frontieres\/","title":{"rendered":"RETRAIT PARTIEL DES TROUPES TCHADIENNES DE LA ZONE DES TROIS FRONTIERES  \u00a0"},"content":{"rendered":"<div>\n<p><img decoding=\"async\" width=\"664\" height=\"443\" src=\"https:\/\/linitiative.ca\/International\/wp-content\/uploads\/sites\/23\/2021\/08\/RETRAIT.jpg\" class=\"attachment- size- wp-post-image\" alt=\"\" loading=\"lazy\" style=\"float:left; margin:0 15px 15px 0;\" srcset=\"https:\/\/linitiative.ca\/International\/wp-content\/uploads\/sites\/23\/2021\/08\/RETRAIT.jpg 664w, https:\/\/lepays.bf\/wp-content\/uploads\/2021\/08\/RETRAIT-300x200.jpg 300w\" sizes=\"auto, (max-width: 664px) 100vw, 664px\">Lorsqu\u2019ils d\u00e9barqu\u00e8rent en f\u00e9vrier dernier dans la \u00ab\u00a0zone des trois fronti\u00e8res\u00a0\u00bb aux confins du Mali, du Niger et du Burkina, dans le cadre de la force anti-terroriste du G5 Sahel, bien des Sah\u00e9liens \u00e9taient aux anges, convaincus qu\u2019ils\u00a0 allaient y casser du terroriste et cela, dans les meilleurs d\u00e9lais. Tout le monde aura compris qu\u2019il \u2026<\/p>\n<p>L\u2019article <a rel=\"nofollow\" href=\"https:\/\/lepays.bf\/retrait-partiel-des-troupes-tchadiennes-de-la-zone-des-trois-frontieres\/\">RETRAIT PARTIEL DES TROUPES TCHADIENNES DE LA ZONE DES TROIS FRONTIERES  \u00a0<\/a> est apparu en premier sur <a rel=\"nofollow\" href=\"https:\/\/lepays.bf\/\">Editions Le Pays<\/a>.<\/p>\n<\/div>\n<p>Auteur: Editions LEPAYS<br \/>\n<a href=\"https:\/\/lepays.bf\/retrait-partiel-des-troupes-tchadiennes-de-la-zone-des-trois-frontieres\/\">Cliquez ici pour lire l&rsquo;article depuis sa source.<\/a><\/p>\n","protected":false},"excerpt":{"rendered":"<p>Lorsqu\u2019ils d\u00e9barqu\u00e8rent en f\u00e9vrier dernier dans la \u00ab\u00a0zone des trois fronti\u00e8res\u00a0\u00bb aux confins du Mali, du Niger et du Burkina, dans le cadre de la force anti-terroriste du G5 Sahel, bien des Sah\u00e9liens \u00e9taient aux anges, convaincus qu\u2019ils\u00a0 allaient y casser du terroriste et cela, dans les meilleurs d\u00e9lais. Tout le monde aura compris qu\u2019il [&hellip;]<\/p>\n","protected":false},"author":1813,"featured_media":0,"comment_status":"closed","ping_status":"closed","sticky":false,"template":"","format":"standard","meta":{"fifu_image_url":"https:\/\/lepays.bf\/wp-content\/uploads\/2021\/08\/RETRAIT.jpg","fifu_image_alt":"RETRAIT PARTIEL DES TROUPES TCHADIENNES DE LA ZONE DES TROIS FRONTIERES  \u00a0","footnotes":""},"categories":[73,81],"tags":[],"class_list":["post-124856","post","type-post","status-publish","format-standard","hentry","category-actualite","category-burkina-faso"],"_links":{"self":[{"href":"https:\/\/linitiative.ca\/International\/wp-json\/wp\/v2\/posts\/124856","targetHints":{"allow":["GET"]}}],"collection":[{"href":"https:\/\/linitiative.ca\/International\/wp-json\/wp\/v2\/posts"}],"about":[{"href":"https:\/\/linitiative.ca\/International\/wp-json\/wp\/v2\/types\/post"}],"author":[{"embeddable":true,"href":"https:\/\/linitiative.ca\/International\/wp-json\/wp\/v2\/users\/1813"}],"replies":[{"embeddable":true,"href":"https:\/\/linitiative.ca\/International\/wp-json\/wp\/v2\/comments?post=124856"}],"version-history":[{"count":0,"href":"https:\/\/linitiative.ca\/International\/wp-json\/wp\/v2\/posts\/124856\/revisions"}],"wp:attachment":[{"href":"https:\/\/linitiative.ca\/International\/wp-json\/wp\/v2\/media?parent=124856"}],"wp:term":[{"taxonomy":"category","embeddable":true,"href":"https:\/\/linitiative.ca\/International\/wp-json\/wp\/v2\/categories?post=124856"},{"taxonomy":"post_tag","embeddable":true,"href":"https:\/\/linitiative.ca\/International\/wp-json\/wp\/v2\/tags?post=124856"}],"curies":[{"name":"wp","href":"https:\/\/api.w.org\/{rel}","templated":true}]}}