{"id":124858,"date":"2021-08-21T18:18:01","date_gmt":"2021-08-21T22:18:01","guid":{"rendered":"https:\/\/linitiative.ca\/International\/la-cote-divoire-receptionne-11-million-de-vaccins-anti-covid-des-etats-unis\/"},"modified":"2021-08-21T18:18:01","modified_gmt":"2021-08-21T22:18:01","slug":"la-cote-divoire-receptionne-11-million-de-vaccins-anti-covid-des-etats-unis","status":"publish","type":"post","link":"https:\/\/linitiative.ca\/International\/la-cote-divoire-receptionne-11-million-de-vaccins-anti-covid-des-etats-unis\/","title":{"rendered":"La C\u00f4te d\u2019Ivoire r\u00e9ceptionne 1,1 million de vaccins anti-Covid des Etats-Unis"},"content":{"rendered":"<div>\n<p><img loading=\"lazy\" decoding=\"async\" width=\"800\" height=\"600\" src=\"https:\/\/linitiative.ca\/International\/wp-content\/uploads\/sites\/23\/2021\/08\/16295842827581.jpg\" class=\"attachment-post-thumbnail size-post-thumbnail wp-post-image\" alt=\"\" srcset=\"https:\/\/linitiative.ca\/International\/wp-content\/uploads\/sites\/23\/2021\/08\/16295842827581.jpg 800w, https:\/\/www.journalducameroun.com\/wp-content\/uploads\/2021\/08\/16295842827581-300x225.jpg 300w, https:\/\/www.journalducameroun.com\/wp-content\/uploads\/2021\/08\/16295842827581-768x576.jpg 768w, https:\/\/www.journalducameroun.com\/wp-content\/uploads\/2021\/08\/16295842827581-587x440.jpg 587w, https:\/\/www.journalducameroun.com\/wp-content\/uploads\/2021\/08\/16295842827581-600x450.jpg 600w\" sizes=\"auto, (max-width: 800px) 100vw, 800px\"><\/p>\n<p>La C\u00f4te d&rsquo;Ivoire a r\u00e9ceptionn\u00e9 dans la nuit de vendredi \u00e0 samedi,  1 180 530 de doses de vaccin Pfizer Covid-19  du gouvernement am\u00e9ricain dans le cadre des efforts internationaux de l&rsquo;administration Biden-Harris pour combattre cette pand\u00e9mie.<\/p>\n<p>Le don a \u00e9t\u00e9 r\u00e9ceptionn\u00e9 \u00e0 l&rsquo;a\u00e9roport international F\u00e9lix Houphou\u00ebt-Boigny d&rsquo;Abidjan par le ministre ivoirien de la Sant\u00e9, de l&rsquo;hygi\u00e8ne publique et de la couverture maladie universelle, Pierre Dimba N&rsquo;Gou en pr\u00e9sence de l&rsquo;ambassadeur des Etats-Unis, Richard Bell.<\/p>\n<p>\u00ab Les \u00c9tats-Unis sont heureux de soutenir le gouvernement de la C\u00f4te d&rsquo;Ivoire dans sa lutte contre cette pand\u00e9mie qui a touch\u00e9 tant de personnes dans le monde, et nous f\u00e9licitons le gouvernement de la C\u00f4te d&rsquo;Ivoire pour ses grands efforts en vue de freiner la transmission et vacciner les populations \u00bb, a d\u00e9clar\u00e9 Richard Bell.<\/p>\n<p>\u00abNous esp\u00e9rons que cet investissement des Etats-Unis en faveur du peuple ivoirien sera administr\u00e9 aussi vite que possible \u00bb a poursuivi le diplomate am\u00e9ricain dans une note d&rsquo;information transmise \u00e0 APA, ajoutant que cet appui est un \u00abengagement de l&rsquo;administration Biden-Harris \u00e0 partager l&rsquo;approvisionnement en vaccins des \u00c9tats-Unis avec le monde \u00bb.<\/p>\n<p>Le 20 ao\u00fbt, 4 930 doses de vaccins contre la Covid-19 ont \u00e9t\u00e9 administr\u00e9es soit un total de 1 268 988 doses administr\u00e9es. Dans le pays, la pand\u00e9mie connait une r\u00e9surgence depuis quelques semaines.<\/p>\n<p>Le \u00a0minist\u00e8re de la Sant\u00e9, de l&rsquo;hygi\u00e8ne publique et de la couverture maladie universelle a enregistr\u00e9 ce samedi 21 ao\u00fbt 2021, 209 nouveaux cas de Covid-19 sur 4 495 \u00e9chantillons pr\u00e9lev\u00e9s soit \u00a04,6 % de cas positifs, 208 gu\u00e9ris et 9 d\u00e9c\u00e8s.<\/p>\n<p>Cet article <a rel=\"nofollow\" href=\"https:\/\/www.journalducameroun.com\/la-cote-divoire-receptionne-11-million-de-vaccins-anti-covid-des-etats-unis\/\">La C\u00f4te d\u2019Ivoire r\u00e9ceptionne 1,1 million de vaccins anti-Covid des Etats-Unis<\/a> est apparu en premier sur <a rel=\"nofollow\" href=\"https:\/\/www.journalducameroun.com\/\">Journal du Cameroun<\/a>.<\/p>\n<\/div>\n<p>Auteur: APA News<br \/>\n<a href=\"https:\/\/www.journalducameroun.com\/la-cote-divoire-receptionne-11-million-de-vaccins-anti-covid-des-etats-unis\/\">Cliquez ici pour lire l&rsquo;article depuis sa source.<\/a><\/p>\n","protected":false},"excerpt":{"rendered":"<p>La C\u00f4te d&rsquo;Ivoire a r\u00e9ceptionn\u00e9 dans la nuit de vendredi \u00e0 samedi, 1 180 530 de doses de vaccin Pfizer Covid-19 du gouvernement am\u00e9ricain dans le cadre des efforts internationaux de l&rsquo;administration Biden-Harris pour combattre cette pand\u00e9mie. Le don a \u00e9t\u00e9 r\u00e9ceptionn\u00e9 \u00e0 l&rsquo;a\u00e9roport international F\u00e9lix Houphou\u00ebt-Boigny d&rsquo;Abidjan par le ministre ivoirien de la Sant\u00e9, [&hellip;]<\/p>\n","protected":false},"author":1965,"featured_media":0,"comment_status":"closed","ping_status":"closed","sticky":false,"template":"","format":"standard","meta":{"fifu_image_url":"https:\/\/www.journalducameroun.com\/wp-content\/uploads\/2021\/08\/16295842827581.jpg","fifu_image_alt":"La C\u00f4te d\u2019Ivoire r\u00e9ceptionne 1,1 million de vaccins anti-Covid des Etats-Unis","footnotes":""},"categories":[73,82],"tags":[],"class_list":["post-124858","post","type-post","status-publish","format-standard","hentry","category-actualite","category-cameroun"],"_links":{"self":[{"href":"https:\/\/linitiative.ca\/International\/wp-json\/wp\/v2\/posts\/124858","targetHints":{"allow":["GET"]}}],"collection":[{"href":"https:\/\/linitiative.ca\/International\/wp-json\/wp\/v2\/posts"}],"about":[{"href":"https:\/\/linitiative.ca\/International\/wp-json\/wp\/v2\/types\/post"}],"author":[{"embeddable":true,"href":"https:\/\/linitiative.ca\/International\/wp-json\/wp\/v2\/users\/1965"}],"replies":[{"embeddable":true,"href":"https:\/\/linitiative.ca\/International\/wp-json\/wp\/v2\/comments?post=124858"}],"version-history":[{"count":0,"href":"https:\/\/linitiative.ca\/International\/wp-json\/wp\/v2\/posts\/124858\/revisions"}],"wp:attachment":[{"href":"https:\/\/linitiative.ca\/International\/wp-json\/wp\/v2\/media?parent=124858"}],"wp:term":[{"taxonomy":"category","embeddable":true,"href":"https:\/\/linitiative.ca\/International\/wp-json\/wp\/v2\/categories?post=124858"},{"taxonomy":"post_tag","embeddable":true,"href":"https:\/\/linitiative.ca\/International\/wp-json\/wp\/v2\/tags?post=124858"}],"curies":[{"name":"wp","href":"https:\/\/api.w.org\/{rel}","templated":true}]}}