{"id":124860,"date":"2021-08-21T18:18:02","date_gmt":"2021-08-21T22:18:02","guid":{"rendered":"https:\/\/linitiative.ca\/International\/covid-19-9-deces-enregistres-en-cote-divoire-samedi\/"},"modified":"2021-08-21T18:18:02","modified_gmt":"2021-08-21T22:18:02","slug":"covid-19-9-deces-enregistres-en-cote-divoire-samedi","status":"publish","type":"post","link":"https:\/\/linitiative.ca\/International\/covid-19-9-deces-enregistres-en-cote-divoire-samedi\/","title":{"rendered":"Covid-19: 9 d\u00e9c\u00e8s enregistr\u00e9s en C\u00f4te d\u2019Ivoire, samedi"},"content":{"rendered":"<div>\n<p><img loading=\"lazy\" decoding=\"async\" width=\"512\" height=\"341\" src=\"https:\/\/linitiative.ca\/International\/wp-content\/uploads\/sites\/23\/2021\/08\/16295842828475.jpg\" class=\"attachment-post-thumbnail size-post-thumbnail wp-post-image\" alt=\"\" srcset=\"https:\/\/linitiative.ca\/International\/wp-content\/uploads\/sites\/23\/2021\/08\/16295842828475.jpg 512w, https:\/\/www.journalducameroun.com\/wp-content\/uploads\/2021\/08\/16295842828475-300x200.jpg 300w\" sizes=\"auto, (max-width: 512px) 100vw, 512px\"><\/p>\n<p>Neuf d\u00e9c\u00e8s de la Covid-19 ont \u00e9t\u00e9 enregistr\u00e9s, samedi, en C\u00f4te d&rsquo;Ivoire o\u00f9 la pand\u00e9mie connait r\u00e9surgence depuis quelques semaines.<\/p>\n<p>Le \u00a0minist\u00e8re de la Sant\u00e9, de l&rsquo;hygi\u00e8ne publique et de la couverture maladie universelle \u00ab a enregistr\u00e9 ce samedi 21 ao\u00fbt 2021, 209 nouveaux cas de Covid-19 sur 4 495 \u00e9chantillons pr\u00e9lev\u00e9s soit \u00a04,6 % de cas positifs, 208 gu\u00e9ris et 9 d\u00e9c\u00e8s \u00bb, rapporte un communiqu\u00e9.<\/p>\n<p>A la date du 21 ao\u00fbt 2021, la C\u00f4te d&rsquo;Ivoire compte donc 53 456 cas confirm\u00e9s dont 52 206 personnes gu\u00e9ries, 389 d\u00e9c\u00e8s et 861 cas actifs. Le nombre total d&rsquo;\u00e9chantillons est de 860 233.<\/p>\n<p>Le 20 ao\u00fbt, 4 930 doses de vaccins contre la Covid-19 ont \u00e9t\u00e9 administr\u00e9es soit un total de 1 268 988 doses administr\u00e9es, ajoute le communiqu\u00e9 invitant \u00ab toutes les personnes de plus de 18 ans \u00e0 se faire vacciner dans les centres de vaccination \u00bb. La vaccination contre la \u00a0 \u00a0 Covid-19 est gratuite et volontaire.<\/p>\n<p>Cet article <a rel=\"nofollow\" href=\"https:\/\/www.journalducameroun.com\/covid-19-9-deces-enregistres-en-cote-divoire-samedi\/\">Covid-19: 9 d\u00e9c\u00e8s enregistr\u00e9s en C\u00f4te d\u2019Ivoire, samedi<\/a> est apparu en premier sur <a rel=\"nofollow\" href=\"https:\/\/www.journalducameroun.com\/\">Journal du Cameroun<\/a>.<\/p>\n<\/div>\n<p>Auteur: APA News<br \/>\n<a href=\"https:\/\/www.journalducameroun.com\/covid-19-9-deces-enregistres-en-cote-divoire-samedi\/\">Cliquez ici pour lire l&rsquo;article depuis sa source.<\/a><\/p>\n","protected":false},"excerpt":{"rendered":"<p>Neuf d\u00e9c\u00e8s de la Covid-19 ont \u00e9t\u00e9 enregistr\u00e9s, samedi, en C\u00f4te d&rsquo;Ivoire o\u00f9 la pand\u00e9mie connait r\u00e9surgence depuis quelques semaines. Le \u00a0minist\u00e8re de la Sant\u00e9, de l&rsquo;hygi\u00e8ne publique et de la couverture maladie universelle \u00ab a enregistr\u00e9 ce samedi 21 ao\u00fbt 2021, 209 nouveaux cas de Covid-19 sur 4 495 \u00e9chantillons pr\u00e9lev\u00e9s soit \u00a04,6 % [&hellip;]<\/p>\n","protected":false},"author":1965,"featured_media":0,"comment_status":"closed","ping_status":"closed","sticky":false,"template":"","format":"standard","meta":{"fifu_image_url":"https:\/\/www.journalducameroun.com\/wp-content\/uploads\/2021\/08\/16295842828475.jpg","fifu_image_alt":"Covid-19: 9 d\u00e9c\u00e8s enregistr\u00e9s en C\u00f4te d\u2019Ivoire, samedi","footnotes":""},"categories":[73,82],"tags":[],"class_list":["post-124860","post","type-post","status-publish","format-standard","hentry","category-actualite","category-cameroun"],"_links":{"self":[{"href":"https:\/\/linitiative.ca\/International\/wp-json\/wp\/v2\/posts\/124860","targetHints":{"allow":["GET"]}}],"collection":[{"href":"https:\/\/linitiative.ca\/International\/wp-json\/wp\/v2\/posts"}],"about":[{"href":"https:\/\/linitiative.ca\/International\/wp-json\/wp\/v2\/types\/post"}],"author":[{"embeddable":true,"href":"https:\/\/linitiative.ca\/International\/wp-json\/wp\/v2\/users\/1965"}],"replies":[{"embeddable":true,"href":"https:\/\/linitiative.ca\/International\/wp-json\/wp\/v2\/comments?post=124860"}],"version-history":[{"count":0,"href":"https:\/\/linitiative.ca\/International\/wp-json\/wp\/v2\/posts\/124860\/revisions"}],"wp:attachment":[{"href":"https:\/\/linitiative.ca\/International\/wp-json\/wp\/v2\/media?parent=124860"}],"wp:term":[{"taxonomy":"category","embeddable":true,"href":"https:\/\/linitiative.ca\/International\/wp-json\/wp\/v2\/categories?post=124860"},{"taxonomy":"post_tag","embeddable":true,"href":"https:\/\/linitiative.ca\/International\/wp-json\/wp\/v2\/tags?post=124860"}],"curies":[{"name":"wp","href":"https:\/\/api.w.org\/{rel}","templated":true}]}}