{"id":124866,"date":"2021-08-22T14:18:02","date_gmt":"2021-08-22T18:18:02","guid":{"rendered":"https:\/\/linitiative.ca\/International\/maroc-pourquoi-le-dernier-discours-du-roi-est-exceptionnel\/"},"modified":"2021-08-22T14:18:02","modified_gmt":"2021-08-22T18:18:02","slug":"maroc-pourquoi-le-dernier-discours-du-roi-est-exceptionnel","status":"publish","type":"post","link":"https:\/\/linitiative.ca\/International\/maroc-pourquoi-le-dernier-discours-du-roi-est-exceptionnel\/","title":{"rendered":"Maroc: Pourquoi le dernier discours du Roi est  \u00ab exceptionnel \u00bb?"},"content":{"rendered":"<div>\n<p><img loading=\"lazy\" decoding=\"async\" width=\"828\" height=\"533\" src=\"https:\/\/linitiative.ca\/International\/wp-content\/uploads\/sites\/23\/2021\/08\/16296562821527.jpg\" class=\"attachment-post-thumbnail size-post-thumbnail wp-post-image\" alt=\"\" srcset=\"https:\/\/linitiative.ca\/International\/wp-content\/uploads\/sites\/23\/2021\/08\/16296562821527.jpg 828w, https:\/\/www.journalducameroun.com\/wp-content\/uploads\/2021\/08\/16296562821527-300x193.jpg 300w, https:\/\/www.journalducameroun.com\/wp-content\/uploads\/2021\/08\/16296562821527-768x494.jpg 768w, https:\/\/www.journalducameroun.com\/wp-content\/uploads\/2021\/08\/16296562821527-684x440.jpg 684w, https:\/\/www.journalducameroun.com\/wp-content\/uploads\/2021\/08\/16296562821527-600x386.jpg 600w\" sizes=\"auto, (max-width: 828px) 100vw, 828px\"><\/p>\n<p>Enseignant \u00e0 l&rsquo;universit\u00e9 Mohamed V de Rabat, Driss Benyaacoub, analyse le dernier discours du souverain marocain.Le dernier discours de Mohamed VI, \u00e0 l&rsquo;occasion du 68\u00e8me anniversaire de la R\u00e9volution du Roi et du Peuple, \u00e9tait \u00ab exceptionnel \u00bb sur le plan des relations ext\u00e9rieures du Maroc, notamment avec la partie europ\u00e9enne, d\u00e9crit le chercheur en sciences politiques \u00e0 l&rsquo;Universit\u00e9 Mohammed V de Rabat, Driss Benyaacoub.<\/p>\n<p>Selon lui, le discours n&rsquo;a pas pr\u00eat\u00e9 attention aux relations avec l&rsquo;Alg\u00e9rie pour la simple raison que la direction alg\u00e9rienne actuelle ne d\u00e9cide plus sur ses relations avec le Maroc et elle est de plus en plus sous influence d&rsquo;acteurs \u00e9trangers, notamment au sein de l&rsquo;Union europ\u00e9enne. \u00ab C&rsquo;est ce qui fait comprendre, sans doute, lorsque le Roi parlait des partis travaillant encore avec une mentalit\u00e9 du pass\u00e9. Il faisait r\u00e9f\u00e9rence probablement \u00e0 la France, l&rsquo;Espagne et m\u00eame la Turquie et l&rsquo;Allemagne \u00bb, a expliqu\u00e9 M. Benyaacoub.<\/p>\n<p>D&rsquo;apr\u00e8s le chercheur, c&rsquo;est dans fe sens, que le Souverain s&rsquo;est adress\u00e9 directement \u00e0 \u00ab\u00a0ceux qui motivent le pouvoir alg\u00e9rien\u00a0pour cr\u00e9er des tensions avec le Maroc et n&rsquo;a pas parl\u00e9 de l&rsquo;Alg\u00e9rie, qui a perdu toute souverainet\u00e9 d\u00e9cisionnelle\u00a0\u00bb, a-t-il estim\u00e9.<\/p>\n<p>L&rsquo;universitaire explique que le Roi estime que \u00ab les attaques contre le Maroc, que ce soit sur la question des droits de l&rsquo;homme ou sur l&rsquo;affaire P\u00e9gasus ont pour cause principale l&rsquo;ind\u00e9pendance de la d\u00e9cision au Maroc. Ces attaques sont savamment pens\u00e9es et \u00e9manent des m\u00eames pays qui reconnaissent les capacit\u00e9s de l&rsquo;establishment s\u00e9curitaire marocain \u00bb.<\/p>\n<p>Pour Benyaacoub, Le Roi semble r\u00e9pondre implicitement \u00e0 \u00ab l&rsquo;Alg\u00e9rie et \u00e0 ceux qui l&rsquo;encouragent, qu&rsquo;ils soient fran\u00e7ais ou turcs, pour leur signifier que le Maroc est un pays ancien qui conna\u00eet depuis des si\u00e8cles le concept d&rsquo;\u00c9tat et de syst\u00e8me politique, contrairement \u00e0 l&rsquo;Alg\u00e9rie, un \u00c9tat nouvellement n\u00e9 \u00bb, a enchain\u00e9 le chercheur marocain.<\/p>\n<p>Selon le chercheur, il y a des signes d&rsquo;un changement dans les attitudes de l&rsquo;Espagne \u00e0 l&rsquo;\u00e9gard du Maroc, notamment sur la question du Sahara marocain. \u00ab Il y a des indications dans le discours que des parties europ\u00e9ennes s\u00e8ment la discorde entre les pays de l&rsquo;Union du Maghreb, et peut-\u00eatre que la France est \u00e0 leur t\u00eate, \u00e9tant donn\u00e9 que le lien \u00e9tait implicite entre l&rsquo;affaire Pegasus, et les man\u0153uvres destin\u00e9es \u00e0 semer la division entre les pays de l&rsquo;Union du Maghreb \u00bb, estime l&rsquo;expert.<\/p>\n<p>Pour lui, ce point appara\u00eet clairement dans le discours royal. \u00ab De plus, quelques pays, notamment des pays europ\u00e9ens comptant, paradoxalement, parmi les partenaires traditionnels du Maroc, craignent pour leurs int\u00e9r\u00eats \u00e9conomiques, leurs march\u00e9s et leurs sph\u00e8res d&rsquo;influence dans la r\u00e9gion maghr\u00e9bine. Certains de leurs dirigeants ne saisissent pas encore que le probl\u00e8me ne r\u00e9side pas dans les r\u00e9gimes des pays du grand Maghreb, mais bien dans les leurs, toujours teint\u00e9s d&rsquo;un pass\u00e9isme d\u00e9sesp\u00e9r\u00e9ment r\u00e9tif aux \u00e9volutions du temps \u00bb, a dit le Roi Mohammed VI.<\/p>\n<p>Benyaacoub estime que le discours fait le parall\u00e8le entre les attaques contre le Maroc et la crise sociale et politique que traversent certains pays comme la France. \u00ab\u00a0Depuis que le pr\u00e9sident Emmanuel Macron a pris ses fonctions et avec la marginalisation des politologues et des intellectuels, la vague de protestations a augment\u00e9, et ne s&rsquo;est pas arr\u00eat\u00e9e depuis 2019, avec la crise \u00e9nerg\u00e9tique et les manifestations des Gilets jaunes jusqu&rsquo;\u00e0 aujourd&rsquo;hui avec la vague de protestations contre le pass sanitaire, ce qui refl\u00e8te l&rsquo;\u00e9chec du syst\u00e8me fran\u00e7ais actuel \u00e0 communiquer et comprendre la soci\u00e9t\u00e9\u00a0\u00bb d\u00e9taille l&rsquo;universitaire marocain. .<\/p>\n<p>\u00ab Les Fran\u00e7ais vivent ainsi une v\u00e9ritable crise syst\u00e9mique, qui a amen\u00e9 un certain nombre de penseurs \u00e0 appeler \u00e0 revitaliser la vie d\u00e9mocratique en profondeur dans l&rsquo;Hexagone. Cela s&rsquo;ajoute \u00e0 certaines mesures rejet\u00e9es par le citoyen fran\u00e7ais du fait qu&rsquo;elles sont incompatibles avec les valeurs fran\u00e7aises des droits de l&rsquo;homme et l&rsquo;approche de partenariat institutionnel \u00bb conclut le professeur Benyaacoub.<\/p>\n<p>Cet article <a rel=\"nofollow\" href=\"https:\/\/www.journalducameroun.com\/maroc-pourquoi-le-dernier-discours-du-roi-est-exceptionnel\/\">Maroc: Pourquoi le dernier discours du Roi est  \u00ab exceptionnel \u00bb?<\/a> est apparu en premier sur <a rel=\"nofollow\" href=\"https:\/\/www.journalducameroun.com\/\">Journal du Cameroun<\/a>.<\/p>\n<\/div>\n<p>Auteur: APA News<br \/>\n<a href=\"https:\/\/www.journalducameroun.com\/maroc-pourquoi-le-dernier-discours-du-roi-est-exceptionnel\/\">Cliquez ici pour lire l&rsquo;article depuis sa source.<\/a><\/p>\n","protected":false},"excerpt":{"rendered":"<p>Enseignant \u00e0 l&rsquo;universit\u00e9 Mohamed V de Rabat, Driss Benyaacoub, analyse le dernier discours du souverain marocain.Le dernier discours de Mohamed VI, \u00e0 l&rsquo;occasion du 68\u00e8me anniversaire de la R\u00e9volution du Roi et du Peuple, \u00e9tait \u00ab exceptionnel \u00bb sur le plan des relations ext\u00e9rieures du Maroc, notamment avec la partie europ\u00e9enne, d\u00e9crit le chercheur en [&hellip;]<\/p>\n","protected":false},"author":1965,"featured_media":0,"comment_status":"closed","ping_status":"closed","sticky":false,"template":"","format":"standard","meta":{"fifu_image_url":"https:\/\/www.journalducameroun.com\/wp-content\/uploads\/2021\/08\/16296562821527.jpg","fifu_image_alt":"Maroc: Pourquoi le dernier discours du Roi est  \u00ab exceptionnel \u00bb?","footnotes":""},"categories":[73,82],"tags":[],"class_list":["post-124866","post","type-post","status-publish","format-standard","hentry","category-actualite","category-cameroun"],"_links":{"self":[{"href":"https:\/\/linitiative.ca\/International\/wp-json\/wp\/v2\/posts\/124866","targetHints":{"allow":["GET"]}}],"collection":[{"href":"https:\/\/linitiative.ca\/International\/wp-json\/wp\/v2\/posts"}],"about":[{"href":"https:\/\/linitiative.ca\/International\/wp-json\/wp\/v2\/types\/post"}],"author":[{"embeddable":true,"href":"https:\/\/linitiative.ca\/International\/wp-json\/wp\/v2\/users\/1965"}],"replies":[{"embeddable":true,"href":"https:\/\/linitiative.ca\/International\/wp-json\/wp\/v2\/comments?post=124866"}],"version-history":[{"count":0,"href":"https:\/\/linitiative.ca\/International\/wp-json\/wp\/v2\/posts\/124866\/revisions"}],"wp:attachment":[{"href":"https:\/\/linitiative.ca\/International\/wp-json\/wp\/v2\/media?parent=124866"}],"wp:term":[{"taxonomy":"category","embeddable":true,"href":"https:\/\/linitiative.ca\/International\/wp-json\/wp\/v2\/categories?post=124866"},{"taxonomy":"post_tag","embeddable":true,"href":"https:\/\/linitiative.ca\/International\/wp-json\/wp\/v2\/tags?post=124866"}],"curies":[{"name":"wp","href":"https:\/\/api.w.org\/{rel}","templated":true}]}}