{"id":124868,"date":"2021-08-22T06:44:55","date_gmt":"2021-08-22T10:44:55","guid":{"rendered":"https:\/\/linitiative.ca\/International\/affaire-avinash-ecomatin-pour-le-messager-emile-fidieck-est-sous-rouleau-compresseur\/"},"modified":"2021-08-22T06:44:55","modified_gmt":"2021-08-22T10:44:55","slug":"affaire-avinash-ecomatin-pour-le-messager-emile-fidieck-est-sous-rouleau-compresseur","status":"publish","type":"post","link":"https:\/\/linitiative.ca\/International\/affaire-avinash-ecomatin-pour-le-messager-emile-fidieck-est-sous-rouleau-compresseur\/","title":{"rendered":"Affaire Avinash\/EcoMatin : pour Le Messager, Emile Fidieck est sous rouleau compresseur"},"content":{"rendered":"<div><div data-elementor-type=\"wp-post\" data-elementor-id=\"29952\" class=\"elementor elementor-29952\" data-elementor-settings=\"[]\">\n\t\t\t\t\t\t<div class=\"elementor-inner\">\n\t\t\t\t\t\t\t<div class=\"elementor-section-wrap\">\n\t\t\t\t\t\t\t<section data-particle_enable=\"false\" data-particle-mobile-disabled=\"false\" class=\"elementor-section elementor-top-section elementor-element elementor-element-22973e96 elementor-section-boxed elementor-section-height-default elementor-section-height-default\" data-id=\"22973e96\" data-element_type=\"section\" data-settings='{\"ekit_has_onepagescroll_dot\":\"yes\"}'>\n\t\t\t\t\t\t<div class=\"elementor-container elementor-column-gap-default\">\n\t\t\t\t\t\t\t<div class=\"elementor-row\">\n\t\t\t\t\t<div class=\"elementor-column elementor-col-100 elementor-top-column elementor-element elementor-element-1a66a417\" data-id=\"1a66a417\" data-element_type=\"column\">\n\t\t\t<div class=\"elementor-column-wrap elementor-element-populated\">\n\t\t\t\t\t\t\t<div class=\"elementor-widget-wrap\">\n\t\t\t\t\t\t<div class=\"elementor-element elementor-element-683181f0 elementor-widget elementor-widget-text-editor\" data-id=\"683181f0\" data-element_type=\"widget\" data-settings='{\"ekit_we_effect_on\":\"none\"}' data-widget_type=\"text-editor.default\">\n\t\t\t\t<div class=\"elementor-widget-container\">\n\t\t\t\t\t\t\t\t<div class=\"elementor-text-editor elementor-clearfix\">\n\t\t\t\t\t\n<p>L\u2019enqu\u00eate n\u2019est qu\u2019\u00e0 sa premi\u00e8re partie, mais elle fait d\u00e9j\u00e0 couler beaucoup d\u2019encres et de salives. Dans les m\u00e9dias traditionnels et r\u00e9seaux sociaux, le d\u00e9sormais proc\u00e8s opposant le journal Ecomatin \u00e0 l\u2019homme d\u2019affaires indien Avinash Hingorani est sur toutes les l\u00e8vres. A sa une principale du jeudi 19 ao\u00fbt 2021, le quotidien\u00a0<strong>Le Messager<\/strong>\u00a0titre, \u00ab\u00a0Presse en danger\u00a0: le rouleau compresseur(?). Le journal en sa page 7 revient de bout en bout, sur cette affaire qui est d\u00e9sormais devant les tribunaux. Pour le m\u00e9dia, EcoMatin et son directeur de publication sont traqu\u00e9s pour avoir d\u00e9nonc\u00e9 les pratiques d\u00e9shumanisantes de certains employ\u00e9s d\u2019un homme d\u2019affaires indien au Cameroun.\u00a0\u00ab Non content des d\u00e9nonciations faites dans les colonnes du journal EcoMatin, notamment en rapport avec des pratiques avilissantes et d\u00e9shumanisantes de certains de des employ\u00e9s, un homme d\u2019affaires indien implant\u00e9 au Cameroun, a d\u00e9cid\u00e9 de s\u2019appuyer sur certains soutiens tapis dans l\u2019appareil judiciaire pour faire taire Emile Fidieck\u00a0\u00bb, peut-on lire dans les colonnes du journal de feu Pius Njawe. L\u2019article sign\u00e9 de la plume de la journaliste Marlyse Sibatcheu, fait par ailleurs un focus sur la sortie du journaliste Xavier Mess\u00e9 en date du lundi 16 ao\u00fbt sur son mur Facebook.\u00a0\u00ab L\u2019ancien directeur de publication de Mutation d\u00e9plore le fait que sans un d\u00e9bat contradictoire \u00e0 la barre, un procureur a fait entendre Emile Fidieck et choisi de l\u2019envoyer en prison, sur une simple plainte de Avinash Hingorini\u00a0\u00bb, indique le quotidien qui, citant toujours Xavier Mess\u00e8 poursuit, \u00ab\u00a0une telle pratique ne respecte en rien le principe de la pr\u00e9somption d\u2019innocence, proclam\u00e9e dans le monde entier.\u00a0\u00bb<\/p>\n\n\n\n<p>Au journal de conclure des propos de l\u2019ancien directeur de publication de Mutation que\u00a0\u00ab \u2026 Les journaux locaux et internationaux qui le d\u00e9sirent, vont reprendre int\u00e9gralement la premi\u00e8re partie de l\u2019enqu\u00eate que notre confr\u00e8re EcoMatin a publi\u00e9e dans les r\u00e8gles professionnelles d\u2019\u00e9quilibre. Que M. Avinash Hingorini Omprakash se pr\u00e9pare donc \u00e0 \u00a0les assigner tous aussi en justice pour diffamation\u00a0\u00bb, pr\u00e9vient le journaliste.\u00a0<\/p>\n\t\t\t\t\t<\/div>\n\t\t\t\t\t\t<\/div>\n\t\t\t\t<\/div>\n\t\t\t\t\t\t<\/div>\n\t\t\t\t\t<\/div>\n\t\t<\/div>\n\t\t\t\t\t\t\t\t<\/div>\n\t\t\t\t\t<\/div>\n\t\t<\/section>\n\t\t\t\t<section data-particle_enable=\"false\" data-particle-mobile-disabled=\"false\" class=\"elementor-section elementor-top-section elementor-element elementor-element-bd6ea47 elementor-section-boxed elementor-section-height-default elementor-section-height-default\" data-id=\"bd6ea47\" data-element_type=\"section\" data-settings='{\"ekit_has_onepagescroll_dot\":\"yes\"}'>\n\t\t\t\t\t\t<div class=\"elementor-container elementor-column-gap-default\">\n\t\t\t\t\t\t\t<div class=\"elementor-row\">\n\t\t\t\t\t<div class=\"elementor-column elementor-col-100 elementor-top-column elementor-element elementor-element-c51df04\" data-id=\"c51df04\" data-element_type=\"column\">\n\t\t\t<div class=\"elementor-column-wrap elementor-element-populated\">\n\t\t\t\t\t\t\t<div class=\"elementor-widget-wrap\">\n\t\t\t\t\t\t<div class=\"elementor-element elementor-element-40fd2c7 elementor-widget elementor-widget-heading\" data-id=\"40fd2c7\" data-element_type=\"widget\" data-settings='{\"ekit_we_effect_on\":\"none\"}' data-widget_type=\"heading.default\">\n\t\t\t\t<div class=\"elementor-widget-container\">\n\t\t\t<h4 class=\"elementor-heading-title elementor-size-default\">A LIRE AUSSI :<\/h4>\t\t<\/div>\n\t\t\t\t<\/div>\n\t\t\t\t<div class=\"elementor-element elementor-element-0b4f671 elementor-icon-list--layout-traditional elementor-list-item-link-full_width elementor-widget elementor-widget-icon-list\" data-id=\"0b4f671\" data-element_type=\"widget\" data-settings='{\"ekit_we_effect_on\":\"none\"}' data-widget_type=\"icon-list.default\">\n\t\t\t\t<div class=\"elementor-widget-container\">\n\t\t\t\t\t<ul class=\"elementor-icon-list-items\">\n\t\t\t\t\t\t\t<li class=\"elementor-icon-list-item\">\n\t\t\t\t\t<a href=\"https:\/\/ecomatin.net\/affaire-avinash-ecomatin-pour-xavier-messe-la-presse-nationale-doit-soutenir-ecomatin\/\">\t\t\t\t\t\t<span class=\"elementor-icon-list-icon\">\n\t\t\t\t\t\t\t<i aria-hidden=\"true\" class=\"fas fa-chevron-right\"><\/i>\t\t\t\t\t\t<\/span>\n\t\t\t\t\t\t\t\t\t\t<span class=\"elementor-icon-list-text\">Affaire Avinash\/EcoMatin : pour Xavier Messe la presse nationale doit soutenir EcoMatin<\/span>\n\t\t\t\t\t\t\t\t\t\t\t<\/a>\n\t\t\t\t\t\t\t\t\t<\/li>\n\t\t\t\t\t\t\t\t<li class=\"elementor-icon-list-item\">\n\t\t\t\t\t<a href=\"https:\/\/ecomatin.net\/tentative-dintimidation-comment-le-milliardaire-indien-avinash-hingorani-veut-museler-ecomatin\/\">\t\t\t\t\t\t<span class=\"elementor-icon-list-icon\">\n\t\t\t\t\t\t\t<i aria-hidden=\"true\" class=\"fas fa-chevron-right\"><\/i>\t\t\t\t\t\t<\/span>\n\t\t\t\t\t\t\t\t\t\t<span class=\"elementor-icon-list-text\">Tentative d\u2019intimidation : comment le milliardaire indien Avinash Hingorani veut museler EcoMatin<\/span>\n\t\t\t\t\t\t\t\t\t\t\t<\/a>\n\t\t\t\t\t\t\t\t\t<\/li>\n\t\t\t\t\t\t\t\t<li class=\"elementor-icon-list-item\">\n\t\t\t\t\t<a href=\"https:\/\/ecomatin.net\/affaire-avinash-ecomatin-alain-blaise-batongue-temoigne-son-soutien-a-ecomatin\/\">\t\t\t\t\t\t<span class=\"elementor-icon-list-icon\">\n\t\t\t\t\t\t\t<i aria-hidden=\"true\" class=\"fas fa-chevron-right\"><\/i>\t\t\t\t\t\t<\/span>\n\t\t\t\t\t\t\t\t\t\t<span class=\"elementor-icon-list-text\">Affaire Avinash\/EcoMatin : Alain Blaise Batongue t\u00e9moigne son soutien \u00e0 EcoMatin<\/span>\n\t\t\t\t\t\t\t\t\t\t\t<\/a>\n\t\t\t\t\t\t\t\t\t<\/li>\n\t\t\t\t\t\t\t\t<li class=\"elementor-icon-list-item\">\n\t\t\t\t\t<a href=\"https:\/\/ecomatin.net\/medias-ecomatin-au-conseill-national-l-de-la-communication\/\">\t\t\t\t\t\t<span class=\"elementor-icon-list-icon\">\n\t\t\t\t\t\t\t<i aria-hidden=\"true\" class=\"fas fa-chevron-right\"><\/i>\t\t\t\t\t\t<\/span>\n\t\t\t\t\t\t\t\t\t\t<span class=\"elementor-icon-list-text\">Affaire Avinash\/EcoMatin  : EcoMatin au Conseil National de la Communication<\/span>\n\t\t\t\t\t\t\t\t\t\t\t<\/a>\n\t\t\t\t\t\t\t\t\t<\/li>\n\t\t\t\t\t\t\t\t<li class=\"elementor-icon-list-item\">\n\t\t\t\t\t<a href=\"https:\/\/ecomatin.net\/communique-ecomatin-fait-lobjet-de-menaces-et-dintimidationss\/\">\t\t\t\t\t\t<span class=\"elementor-icon-list-icon\">\n\t\t\t\t\t\t\t<i aria-hidden=\"true\" class=\"fas fa-chevron-right\"><\/i>\t\t\t\t\t\t<\/span>\n\t\t\t\t\t\t\t\t\t\t<span class=\"elementor-icon-list-text\">Communiqu\u00e9 : EcoMatin fait l\u2019objet de menaces et d\u2019intimidations<\/span>\n\t\t\t\t\t\t\t\t\t\t\t<\/a>\n\t\t\t\t\t\t\t\t\t<\/li>\n\t\t\t\t\t\t\t\t<li class=\"elementor-icon-list-item\">\n\t\t\t\t\t<a href=\"https:\/\/ecomatin.net\/trafic-humainn-enquete-sur-lexploitation-dess-indienss-au-cameroun-1-3\/\">\t\t\t\t\t\t<span class=\"elementor-icon-list-icon\">\n\t\t\t\t\t\t\t<i aria-hidden=\"true\" class=\"fas fa-chevron-right\"><\/i>\t\t\t\t\t\t<\/span>\n\t\t\t\t\t\t\t\t\t\t<span class=\"elementor-icon-list-text\">Trafic humain : enqu\u00eate sur l\u2019exploitation des indiens au Cameroun (1\/3)<\/span>\n\t\t\t\t\t\t\t\t\t\t\t<\/a>\n\t\t\t\t\t\t\t\t\t<\/li>\n\t\t\t\t\t\t<\/ul>\n\t\t\t\t<\/div>\n\t\t\t\t<\/div>\n\t\t\t\t\t\t<\/div>\n\t\t\t\t\t<\/div>\n\t\t<\/div>\n\t\t\t\t\t\t\t\t<\/div>\n\t\t\t\t\t<\/div>\n\t\t<\/section>\n\t\t\t\t\t\t<\/div>\n\t\t\t\t\t\t<\/div>\n\t\t\t\t\t<\/div>\n\t\t<p>L\u2019article <a rel=\"nofollow\" href=\"https:\/\/ecomatin.net\/affaire-avinash-ecomatin-pour-le-messager-emile-fidieck-est-sous-rouleau-compresseur21\/\">Affaire Avinash\/EcoMatin : pour Le Messager, Emile Fidieck est sous rouleau compresseur<\/a> est apparu en premier sur <a rel=\"nofollow\" href=\"https:\/\/ecomatin.net\/\">EcoMatin<\/a>.<\/p><\/div>\r\nAuteur: Amina MALLOUM\r\n<a href=\"https:\/\/ecomatin.net\/affaire-avinash-ecomatin-pour-le-messager-emile-fidieck-est-sous-rouleau-compresseur21\/\">Cliquez ici pour lire l&rsquo;article depuis sa source.<\/a><br \/>","protected":false},"excerpt":{"rendered":"<p>L\u2019enqu\u00eate n\u2019est qu\u2019\u00e0 sa premi\u00e8re partie, mais elle fait d\u00e9j\u00e0 couler beaucoup d\u2019encres et de salives. Dans les m\u00e9dias traditionnels et r\u00e9seaux sociaux, le d\u00e9sormais proc\u00e8s opposant le journal Ecomatin \u00e0 l\u2019homme d\u2019affaires indien Avinash Hingorani est sur toutes les l\u00e8vres. A sa une principale du jeudi 19 ao\u00fbt 2021, le quotidien\u00a0Le Messager\u00a0titre, \u00ab\u00a0Presse en [&hellip;]<\/p>\n","protected":false},"author":1969,"featured_media":0,"comment_status":"closed","ping_status":"closed","sticky":false,"template":"","format":"standard","meta":{"fifu_image_url":"","fifu_image_alt":"","footnotes":""},"categories":[82,78],"tags":[],"class_list":["post-124868","post","type-post","status-publish","format-standard","hentry","category-cameroun","category-economie"],"_links":{"self":[{"href":"https:\/\/linitiative.ca\/International\/wp-json\/wp\/v2\/posts\/124868","targetHints":{"allow":["GET"]}}],"collection":[{"href":"https:\/\/linitiative.ca\/International\/wp-json\/wp\/v2\/posts"}],"about":[{"href":"https:\/\/linitiative.ca\/International\/wp-json\/wp\/v2\/types\/post"}],"author":[{"embeddable":true,"href":"https:\/\/linitiative.ca\/International\/wp-json\/wp\/v2\/users\/1969"}],"replies":[{"embeddable":true,"href":"https:\/\/linitiative.ca\/International\/wp-json\/wp\/v2\/comments?post=124868"}],"version-history":[{"count":0,"href":"https:\/\/linitiative.ca\/International\/wp-json\/wp\/v2\/posts\/124868\/revisions"}],"wp:attachment":[{"href":"https:\/\/linitiative.ca\/International\/wp-json\/wp\/v2\/media?parent=124868"}],"wp:term":[{"taxonomy":"category","embeddable":true,"href":"https:\/\/linitiative.ca\/International\/wp-json\/wp\/v2\/categories?post=124868"},{"taxonomy":"post_tag","embeddable":true,"href":"https:\/\/linitiative.ca\/International\/wp-json\/wp\/v2\/tags?post=124868"}],"curies":[{"name":"wp","href":"https:\/\/api.w.org\/{rel}","templated":true}]}}