{"id":124869,"date":"2021-08-22T07:14:44","date_gmt":"2021-08-22T11:14:44","guid":{"rendered":"https:\/\/linitiative.ca\/International\/air-senegal-veut-operer-des-dessertes-a-garoua-maroua-bafoussam-et-yaounde\/"},"modified":"2021-08-22T07:14:44","modified_gmt":"2021-08-22T11:14:44","slug":"air-senegal-veut-operer-des-dessertes-a-garoua-maroua-bafoussam-et-yaounde","status":"publish","type":"post","link":"https:\/\/linitiative.ca\/International\/air-senegal-veut-operer-des-dessertes-a-garoua-maroua-bafoussam-et-yaounde\/","title":{"rendered":"Air S\u00e9n\u00e9gal veut op\u00e9rer des dessertes \u00e0 Garoua, Maroua, Bafoussam et Yaound\u00e9"},"content":{"rendered":"<div>\n<p>Ernest Dikoum et Assane Sambe \u00e9taient le 18 ao\u00fbt dernier \u00e0 Yaound\u00e9 face \u00e0 la presse. Le Directeur Marketing et le conseiller technique du DG d\u2019Air S\u00e9n\u00e9gal sont venus pr\u00e9senter la strat\u00e9gie leur compagnie pour le transport des personnes pendant la Coupe d\u2019Afrique des nations Total energies 2021 qui se d\u00e9roulera du 09 janvier au 06 f\u00e9vrier. D\u00e9j\u00e0 transporteur officiel de l\u2019\u00e9quipe de football du S\u00e9n\u00e9gal, la compagnie publique souhaite ratisser large en \u00e9rigeant de multiples ponts a\u00e9riens qui lui permettent d\u2019assurer la mobilit\u00e9 des d\u00e9l\u00e9gations et des supporters. En plus de ses vols commerciaux r\u00e9guliers, affr\u00e9ter des vols charters \u00e0 partir des pays d\u2019Afrique de l\u2019Ouest en direction du Cameroun, pays h\u00f4te de la Can. Le gros de la client\u00e8le cibl\u00e9 ici est constitu\u00e9 pour l\u2019essentiel des d\u00e9l\u00e9gations de supporters des pays respectifs d\u00e9sireux de vivre en direct la comp\u00e9tition. \u00ab Si demain il y a par exemple 300 supporteurs maliens qui veulent aller supporter leur \u00e9quipe, Air S\u00e9n\u00e9gal a la capacit\u00e9 de pouvoir d\u00e9ployer ses avions pour transporter ces supporteurs jusqu\u2019au Cameroun \u00bb a expliqu\u00e9 Ernest Dikoum.\u00a0<\/p>\n<p><strong>Lire aussi :<\/strong> <strong><a href=\"https:\/\/ecomatin.net\/transport-aerien-la-compagnie-nationale-senegalaise-air-senegal-va-desservir-le-cameroun-a-compter-du-29-mars-2021\/\">Transport a\u00e9rien : La compagnie nationale s\u00e9n\u00e9galaise \u00ab Air S\u00e9n\u00e9gal \u00bb va desservir le Cameroun \u00e0 compter du 29 mars 2021<\/a><\/strong><\/p>\n<p>Par ailleurs, compte tenue de l\u2019\u00e9clatement de la comp\u00e9tition dans plusieurs villes, la compagnie a\u00e9rienne n\u2019exclut pas la possibilit\u00e9 d\u2019op\u00e9rer des dessertes sur les autres a\u00e9roports internationaux autres que Douala o\u00f9 elle est d\u00e9j\u00e0 pr\u00e9sente notamment \u00e0 Garoua, Maroua, Bafoussam et dans une moindre mesure Yaound\u00e9.\u00a0 \u00a0\u00ab Air S\u00e9n\u00e9gal n\u2019a pas l\u2019ambition de venir faire des vols intra Cameroun pendant la Can. Ce n\u2019est pas \u00e7a l\u2019objectif ; l\u2019objectif c\u2019est d\u2019amener les autres supporters d\u2019Afrique de l\u2019ouest vers le Cameroun \u00bb a tout de m\u00eame pr\u00e9cis\u00e9 le Directeur Marketing d\u2019Air S\u00e9n\u00e9gal.\u00a0 Au terme de la comp\u00e9tition c\u2019est une dizaine de milliers de passagers que la compagnie esp\u00e8re pouvoir bouger.\u00a0<\/p>\n<p>L<strong>ire aussi : <a href=\"https:\/\/ecomatin.net\/apres-son-limogeage-de-camair-co-ernest-dikoum-atterrit-a-air-senegal\/\">Apr\u00e8s son limogeage de Camair-co, Ernest Dikoum atterrit \u00e0 Air S\u00e9n\u00e9gal<\/a><\/strong><\/p>\n<p><strong>Une flotte en pleine expansion\u00a0<\/strong><\/p>\n<p>A date, Air S\u00e9n\u00e9gal dessert 22 destinations dans 15 pays africains, 5 pays europ\u00e9ens et deux pays am\u00e9ricains via Dakar. A partir du 2 septembre prochain, la compagnie a\u00e9rienne va relier Washington via New York \u00e0 raison de deux fr\u00e9quences par semaine.\u00a0 Avec une flotte en pleine expansion, Air S\u00e9n\u00e9gal\u00a0 effectue depuis le mois de mars de l\u2019ann\u00e9e courante, des dessertes vers l\u2019Afrique centrale notamment Douala et Libreville \u00e0 travers des vols r\u00e9guliers. 6 mois apr\u00e8s, le lancement de cette ligne, c\u2019est un satisf\u00e9cit g\u00e9n\u00e9ral qui se d\u00e9gage \u00ab La desserte sur l\u2019Afrique Centrale en partance de Dakar est l\u2019une des plus \u00e9lev\u00e9s aujourd\u2019hui en termes de remplissage donc \u00e7a rassure qu\u2019il y\u2019a beaucoup d\u2019int\u00e9r\u00eat \u00bb explique Ernest Dikoum.\u00a0<\/p>\n<p>L\u2019article <a rel=\"nofollow\" href=\"https:\/\/ecomatin.net\/air-senegal-veut-operer-des-dessertes-a-garoua-maroua-bafoussam-et-yaounde\/\">Air S\u00e9n\u00e9gal veut op\u00e9rer des dessertes \u00e0 Garoua, Maroua, Bafoussam et Yaound\u00e9<\/a> est apparu en premier sur <a rel=\"nofollow\" href=\"https:\/\/ecomatin.net\/\">EcoMatin<\/a>.<\/p>\n<\/div>\n<p>Auteur: Cedrick JIONGO<br \/>\n<a href=\"https:\/\/ecomatin.net\/air-senegal-veut-operer-des-dessertes-a-garoua-maroua-bafoussam-et-yaounde\/\">Cliquez ici pour lire l&rsquo;article depuis sa source.<\/a><\/p>\n","protected":false},"excerpt":{"rendered":"<p>Ernest Dikoum et Assane Sambe \u00e9taient le 18 ao\u00fbt dernier \u00e0 Yaound\u00e9 face \u00e0 la presse. Le Directeur Marketing et le conseiller technique du DG d\u2019Air S\u00e9n\u00e9gal sont venus pr\u00e9senter la strat\u00e9gie leur compagnie pour le transport des personnes pendant la Coupe d\u2019Afrique des nations Total energies 2021 qui se d\u00e9roulera du 09 janvier au [&hellip;]<\/p>\n","protected":false},"author":1969,"featured_media":0,"comment_status":"closed","ping_status":"closed","sticky":false,"template":"","format":"standard","meta":{"fifu_image_url":"","fifu_image_alt":"","footnotes":""},"categories":[82,78],"tags":[],"class_list":["post-124869","post","type-post","status-publish","format-standard","hentry","category-cameroun","category-economie"],"_links":{"self":[{"href":"https:\/\/linitiative.ca\/International\/wp-json\/wp\/v2\/posts\/124869","targetHints":{"allow":["GET"]}}],"collection":[{"href":"https:\/\/linitiative.ca\/International\/wp-json\/wp\/v2\/posts"}],"about":[{"href":"https:\/\/linitiative.ca\/International\/wp-json\/wp\/v2\/types\/post"}],"author":[{"embeddable":true,"href":"https:\/\/linitiative.ca\/International\/wp-json\/wp\/v2\/users\/1969"}],"replies":[{"embeddable":true,"href":"https:\/\/linitiative.ca\/International\/wp-json\/wp\/v2\/comments?post=124869"}],"version-history":[{"count":0,"href":"https:\/\/linitiative.ca\/International\/wp-json\/wp\/v2\/posts\/124869\/revisions"}],"wp:attachment":[{"href":"https:\/\/linitiative.ca\/International\/wp-json\/wp\/v2\/media?parent=124869"}],"wp:term":[{"taxonomy":"category","embeddable":true,"href":"https:\/\/linitiative.ca\/International\/wp-json\/wp\/v2\/categories?post=124869"},{"taxonomy":"post_tag","embeddable":true,"href":"https:\/\/linitiative.ca\/International\/wp-json\/wp\/v2\/tags?post=124869"}],"curies":[{"name":"wp","href":"https:\/\/api.w.org\/{rel}","templated":true}]}}