{"id":124875,"date":"2021-08-23T09:10:57","date_gmt":"2021-08-23T13:10:57","guid":{"rendered":"https:\/\/linitiative.ca\/International\/nichane-dans-le-mille\/"},"modified":"2021-08-23T09:10:57","modified_gmt":"2021-08-23T13:10:57","slug":"nichane-dans-le-mille","status":"publish","type":"post","link":"https:\/\/linitiative.ca\/International\/nichane-dans-le-mille\/","title":{"rendered":"Nichane ! Dans le Mille!"},"content":{"rendered":"<div>\n<p><img decoding=\"async\" width=\"300\" height=\"153\" src=\"https:\/\/linitiative.ca\/International\/wp-content\/uploads\/sites\/23\/2021\/08\/Ahmed-GHAYET-1-300x153-1.jpg\" class=\"attachment-medium size-medium wp-post-image\" alt=\"\" loading=\"lazy\" srcset=\"\/\/aujourdhui.ma\/wp-content\/uploads\/2018\/11\/Ahmed-GHAYET-1-300x153.jpg 300w, \/\/aujourdhui.ma\/wp-content\/uploads\/2018\/11\/Ahmed-GHAYET-1.jpg 746w\" sizes=\"auto, (max-width: 300px) 100vw, 300px\"><\/p>\n<p><span style=\"color: #800000;\"><strong>Discours particuli\u00e8rement offensif de SM le Roi dans son intervention du 20 ao\u00fbt, comm\u00e9morant l\u2019anniversaire de la R\u00e9volution du Roi et du Peuple.<\/strong><\/span><span id=\"more-384840\"><\/span><br \/>\nDiscours historique de par son ton mais \u00e9galement de par les mots choisis : les choses sont dites avec force et clart\u00e9, les ennemis sont d\u00e9sign\u00e9s, les man\u0153uvres d\u00e9mont\u00e9es, les tentatives de d\u00e9stabilisation souterraine d\u00e9voil\u00e9es au grand jour.<br \/>\nEt\u2026last but not least, la d\u00e9termination du Royaume affirm\u00e9e sans aucune ambigu\u00eft\u00e9 !<br \/>\nLe Souverain avait d\u00e9cid\u00e9 de taper du poing sur la table \u00e0 cette occasion, non pas de fa\u00e7on agressive ou vindicative mais avec fermet\u00e9, assurance et confiance.<br \/>\nTout d\u2019abord Sa Majest\u00e9 a pris soin de clarifier les choses, Il sait -et nous savons- qui est derri\u00e8re cette agression et pourquoi\u2026dans le m\u00eame temps le Roi prend soin de bien faire la diff\u00e9rence entre les petits caporaux \u00e0 \u2018\u2019la Plenel\u2019\u2019, les m\u00e9dias tels Le (im)Monde, l\u2019Humanit\u00e9, Marianne ou M\u00e9diapart et l\u2019Etat Fran\u00e7ais, ces irresponsables ne sont pas la France !<br \/>\nConcernant l\u2019Espagne, le Souverain appelle \u00e0 une nouvelle \u00e8re et pr\u00e9cise qu\u2019il veille en personne au r\u00e9tablissement des relations.<br \/>\nPour tous les autres, ils et elles ne sont m\u00eame pas nomm\u00e9s : \u00c9tats, ONGs opaques, journalistes corrompus\u2026tous sont nou\u00e9s dans un m\u00eame sac, celui du m\u00e9pris !<br \/>\nQu\u2019ils se le tiennent pour dit, aucun d\u2019entre eux n\u2019est en mesure de nous faire d\u00e9vier de notre trajectoire et de nos objectifs, au contraire ils ne font que renforcer notre d\u00e9termination.<br \/>\nIl faut dire que durant toutes ces derni\u00e8res semaines, SM Mohammed VI a pu se rendre compte sur les r\u00e9seaux sociaux \u00e0 quel point les Marocain(e)s \u00e9taient mont\u00e9s au front.<br \/>\nTant sur l\u2019affaire \u2018\u2019Pegapshitt\u2019\u2019, que les d\u00e9bilit\u00e9s prof\u00e9r\u00e9es par les g\u00e9n\u00e9raux alg\u00e9riens, ou encore les articles (qui m\u00e9ritent plut\u00f4t le nom de tracts) injurieux et accusateurs\u2026rien n\u2019est rest\u00e9 sans r\u00e9ponse, les internautes Marocains se sont mobilis\u00e9s comme jamais pour retoquer tout ce fatras.<br \/>\nCette offensive populaire, cette mont\u00e9e en puissance des internautes patriotes en a d\u00e9concert\u00e9 plus d\u2019un : non seulement les ennemis de l\u2019\u00e9tranger mais tout autant \u2013 sinon plus- les nihilistes et opposants internes ( m\u00fbs par tout autre chose que les int\u00e9r\u00eats du peuple ), qui pensaient jusque-l\u00e0 que la Toile \u00e9tait leur domaine r\u00e9serv\u00e9 et qu\u2019ils pouvaient y d\u00e9biter leur propagande sans opposition.<br \/>\nLe Maroc a chang\u00e9 dit Sa Majest\u00e9, Il a parfaitement raison, et les Marocain(e)s eux aussi ont chang\u00e9 : plus exigeants, plus s\u00fbrs d\u2019eux, plus engag\u00e9s (les jeunes sont d\u2019ailleurs le fer de lance de ce changement), ils savent parfaitement ce qui va et ne va pas dans notre soci\u00e9t\u00e9, mais aujourd\u2019hui ils ne laissent plus ces opposants leur dire ce qu\u2019il faut penser, depuis leurs salons parisiens, madril\u00e8nes, bruxellois ou new-yorkais !<br \/>\nIls agissent par eux-m\u00eames, sans directeurs de conscience, pour am\u00e9liorer le Pays et non le d\u00e9truire !<br \/>\n\u201cLe Maroc est vis\u00e9 pour sa s\u00e9curit\u00e9 et sa stabilit\u00e9\u2026 les complots ne feront qu\u2019accro\u00eetre la foi et la d\u00e9termination du Maroc \u00e0 d\u00e9fendre ses int\u00e9r\u00eats sup\u00e9rieurs \u00bb. C\u2019est ce que le peuple Marocain a parfaitement compris, d\u2019ailleurs au lendemain de ce discours, de jeunes Marocain(e)s des diff\u00e9rentes r\u00e9gions du Royaume -acteurs associatifs, sportifs, acteurs culturels- rendaient publique une vid\u00e9o dans laquelle ils souhaitaient un heureux anniversaire \u00e0 SM Mohammed VI et affirmaient haut et fort leur volont\u00e9 de mettre leurs pas dans les Siens.<br \/>\nUn Chef d\u2019Etat peut-il r\u00eaver plus belle preuve d\u2019amour et de fid\u00e9lit\u00e9 ?<\/p>\n<\/div>\n<p>Auteur: ALM<br \/>\n<a href=\"https:\/\/aujourdhui.ma\/chroniques\/nichane-dans-le-mille\">Cliquez ici pour lire l&rsquo;article depuis sa source.<\/a><\/p>\n","protected":false},"excerpt":{"rendered":"<p>Discours particuli\u00e8rement offensif de SM le Roi dans son intervention du 20 ao\u00fbt, comm\u00e9morant l\u2019anniversaire de la R\u00e9volution du Roi et du Peuple. Discours historique de par son ton mais \u00e9galement de par les mots choisis : les choses sont dites avec force et clart\u00e9, les ennemis sont d\u00e9sign\u00e9s, les man\u0153uvres d\u00e9mont\u00e9es, les tentatives de [&hellip;]<\/p>\n","protected":false},"author":1759,"featured_media":0,"comment_status":"closed","ping_status":"closed","sticky":false,"template":"","format":"standard","meta":{"fifu_image_url":"https:\/\/aujourdhui.ma\/wp-content\/uploads\/2018\/11\/Ahmed-GHAYET-1-300x153.jpg","fifu_image_alt":"Nichane ! Dans le Mille!","footnotes":""},"categories":[73,54],"tags":[],"class_list":["post-124875","post","type-post","status-publish","format-standard","hentry","category-actualite","category-maroc"],"_links":{"self":[{"href":"https:\/\/linitiative.ca\/International\/wp-json\/wp\/v2\/posts\/124875","targetHints":{"allow":["GET"]}}],"collection":[{"href":"https:\/\/linitiative.ca\/International\/wp-json\/wp\/v2\/posts"}],"about":[{"href":"https:\/\/linitiative.ca\/International\/wp-json\/wp\/v2\/types\/post"}],"author":[{"embeddable":true,"href":"https:\/\/linitiative.ca\/International\/wp-json\/wp\/v2\/users\/1759"}],"replies":[{"embeddable":true,"href":"https:\/\/linitiative.ca\/International\/wp-json\/wp\/v2\/comments?post=124875"}],"version-history":[{"count":0,"href":"https:\/\/linitiative.ca\/International\/wp-json\/wp\/v2\/posts\/124875\/revisions"}],"wp:attachment":[{"href":"https:\/\/linitiative.ca\/International\/wp-json\/wp\/v2\/media?parent=124875"}],"wp:term":[{"taxonomy":"category","embeddable":true,"href":"https:\/\/linitiative.ca\/International\/wp-json\/wp\/v2\/categories?post=124875"},{"taxonomy":"post_tag","embeddable":true,"href":"https:\/\/linitiative.ca\/International\/wp-json\/wp\/v2\/tags?post=124875"}],"curies":[{"name":"wp","href":"https:\/\/api.w.org\/{rel}","templated":true}]}}