{"id":124877,"date":"2021-08-23T10:00:24","date_gmt":"2021-08-23T14:00:24","guid":{"rendered":"https:\/\/linitiative.ca\/International\/decarbonation-des-unites-industrielles-le-cri-fes-meknes-passe-a-la-vitesse-superieure\/"},"modified":"2021-08-23T10:00:24","modified_gmt":"2021-08-23T14:00:24","slug":"decarbonation-des-unites-industrielles-le-cri-fes-meknes-passe-a-la-vitesse-superieure","status":"publish","type":"post","link":"https:\/\/linitiative.ca\/International\/decarbonation-des-unites-industrielles-le-cri-fes-meknes-passe-a-la-vitesse-superieure\/","title":{"rendered":"D\u00e9carbonation des unit\u00e9s industrielles : Le CRI F\u00e8s-Mekn\u00e8s passe \u00e0 la vitesse sup\u00e9rieure"},"content":{"rendered":"<div>\n<p><img decoding=\"async\" width=\"300\" height=\"153\" src=\"https:\/\/linitiative.ca\/International\/wp-content\/uploads\/sites\/23\/2021\/08\/CRI-de-Fes-Meknes-300x153-1.jpg\" class=\"attachment-medium size-medium wp-post-image\" alt=\"\" loading=\"lazy\" srcset=\"\/\/aujourdhui.ma\/wp-content\/uploads\/2017\/01\/CRI-de-Fes-Meknes-300x153.jpg 300w, \/\/aujourdhui.ma\/wp-content\/uploads\/2017\/01\/CRI-de-Fes-Meknes.jpg 746w\" sizes=\"auto, (max-width: 300px) 100vw, 300px\"><\/p>\n<p><span style=\"color: #800000;\"><strong>Une enqu\u00eate pour d\u00e9terminer les consommations \u00e9nerg\u00e9tiques des entreprises industrielles de F\u00e8s est d\u00e9sormais ouverte.<\/strong><\/span><span id=\"more-384818\"><\/span><\/p>\n<p>Cette initiative lanc\u00e9e par le Centre r\u00e9gional d\u2019investissement (CRI) F\u00e8s-Mekn\u00e8s s\u2019inscrit dans le cadre des efforts engag\u00e9s par la tutelle en vue d\u2019atteindre l\u2019objectif de la d\u00e9carbonation. L\u2019id\u00e9e \u00e9tant de les accompagner dans leur transition bas carbone. \u00abCette initiative intervient en mise en oeuvre du partenariat entre le CRI et l\u2019Agence marocaine pour l\u2019efficacit\u00e9 \u00e9nerg\u00e9tique (AMEE), portant sur l\u2019accompagnement de ces entreprises vers une industrie bas carbone, notamment \u00e0 travers la r\u00e9alisation d\u2019audits \u00e9nerg\u00e9tiques et environnementaux et la mise en place d\u2019un syst\u00e8me de management de l\u2019\u00e9nergie.<\/p>\n<p>Elle s\u2019inscrit \u00e9galement dans le cadre de la concr\u00e9tisation de la politique nationale en mati\u00e8re d\u2019\u00e9conomie verte et du programme TATWIR \u2018\u2019croissance verte\u2019\u2019, initi\u00e9 par le minist\u00e8re de l\u2019industrie, du commerce, de l\u2019\u00e9conomie verte et num\u00e9rique et d\u00e9ploy\u00e9 au travers de Maroc PME et de l\u2019AMEE\u00bb, souligne Yassine Tazi, directeur g\u00e9n\u00e9ral du CRI F\u00e8s-Mekn\u00e8s. L\u2019ouverture de cette enqu\u00eate succ\u00e8de \u00e0 un appel \u00e0 manifestation d\u2019int\u00e9r\u00eat lanc\u00e9 par le CRI en vue d\u2019appuyer techniquement et financi\u00e8rement la d\u00e9carbonation de toutes petites et moyennes entreprises industrielles \u00e0 travers la r\u00e9gion. Selon le CRI, l\u2019appui \u00e0 la d\u00e9carbonation touche aux projets portant sur l\u2019optimisation des pratiques et des performances \u00e9nerg\u00e9tiques des \u00e9quipements (efficacit\u00e9 \u00e9nerg\u00e9tique) et l\u2019utilisation des \u00e9nergies renouvelables, et les projets d\u2019amor\u00e7age de fili\u00e8res industrielles vertes saisissant les nouvelles opportunit\u00e9s de march\u00e9 (production d\u2019\u00e9quipement de recyclage industriel, production de chauffe-eaux solaires et photovolta\u00efques, produits d\u2019isolation thermique).<\/p>\n<p>Deux autres types de projets sont concern\u00e9s. Il s\u2019agit des projets d\u2019innovation et de d\u00e9veloppement de produits \u00e9co- con\u00e7us, ayant une empreinte carbone positive (v\u00e9hicule hybride, moto \u00e9lectrique, produits bio, produits \u00e0 base de mati\u00e8res recycl\u00e9es) et des projets de mise en place de technologies propres dans les proc\u00e9d\u00e9s de fabrication et des flux mati\u00e8res permettant une utilisation rationnelle des mati\u00e8res premi\u00e8res et la r\u00e9duction de la quantit\u00e9 d\u2019effluents polluant l\u2019environnement (STEP, isolation thermique, recyclage des d\u00e9chets).<\/p>\n<\/div>\n<p>Auteur: ALM<br \/>\n<a href=\"https:\/\/aujourdhui.ma\/economie\/decarbonation-des-unites-industrielles-le-cri-fes-meknes-passe-a-la-vitesse-superieure\">Cliquez ici pour lire l&rsquo;article depuis sa source.<\/a><\/p>\n","protected":false},"excerpt":{"rendered":"<p>Une enqu\u00eate pour d\u00e9terminer les consommations \u00e9nerg\u00e9tiques des entreprises industrielles de F\u00e8s est d\u00e9sormais ouverte. Cette initiative lanc\u00e9e par le Centre r\u00e9gional d\u2019investissement (CRI) F\u00e8s-Mekn\u00e8s s\u2019inscrit dans le cadre des efforts engag\u00e9s par la tutelle en vue d\u2019atteindre l\u2019objectif de la d\u00e9carbonation. L\u2019id\u00e9e \u00e9tant de les accompagner dans leur transition bas carbone. \u00abCette initiative intervient [&hellip;]<\/p>\n","protected":false},"author":1759,"featured_media":0,"comment_status":"closed","ping_status":"closed","sticky":false,"template":"","format":"standard","meta":{"fifu_image_url":"https:\/\/aujourdhui.ma\/wp-content\/uploads\/2017\/01\/CRI-de-Fes-Meknes-300x153.jpg","fifu_image_alt":"D\u00e9carbonation des unit\u00e9s industrielles : Le CRI F\u00e8s-Mekn\u00e8s passe \u00e0 la vitesse sup\u00e9rieure","footnotes":""},"categories":[73,54],"tags":[],"class_list":["post-124877","post","type-post","status-publish","format-standard","hentry","category-actualite","category-maroc"],"_links":{"self":[{"href":"https:\/\/linitiative.ca\/International\/wp-json\/wp\/v2\/posts\/124877","targetHints":{"allow":["GET"]}}],"collection":[{"href":"https:\/\/linitiative.ca\/International\/wp-json\/wp\/v2\/posts"}],"about":[{"href":"https:\/\/linitiative.ca\/International\/wp-json\/wp\/v2\/types\/post"}],"author":[{"embeddable":true,"href":"https:\/\/linitiative.ca\/International\/wp-json\/wp\/v2\/users\/1759"}],"replies":[{"embeddable":true,"href":"https:\/\/linitiative.ca\/International\/wp-json\/wp\/v2\/comments?post=124877"}],"version-history":[{"count":0,"href":"https:\/\/linitiative.ca\/International\/wp-json\/wp\/v2\/posts\/124877\/revisions"}],"wp:attachment":[{"href":"https:\/\/linitiative.ca\/International\/wp-json\/wp\/v2\/media?parent=124877"}],"wp:term":[{"taxonomy":"category","embeddable":true,"href":"https:\/\/linitiative.ca\/International\/wp-json\/wp\/v2\/categories?post=124877"},{"taxonomy":"post_tag","embeddable":true,"href":"https:\/\/linitiative.ca\/International\/wp-json\/wp\/v2\/tags?post=124877"}],"curies":[{"name":"wp","href":"https:\/\/api.w.org\/{rel}","templated":true}]}}