{"id":124879,"date":"2021-08-23T10:17:37","date_gmt":"2021-08-23T14:17:37","guid":{"rendered":"https:\/\/linitiative.ca\/International\/sidati-chaggaf-du-rni-reelu-president\/"},"modified":"2021-08-23T10:17:37","modified_gmt":"2021-08-23T14:17:37","slug":"sidati-chaggaf-du-rni-reelu-president","status":"publish","type":"post","link":"https:\/\/linitiative.ca\/International\/sidati-chaggaf-du-rni-reelu-president\/","title":{"rendered":"Sidati Chaggaf du RNI r\u00e9\u00e9lu pr\u00e9sident"},"content":{"rendered":"<div>\n<p><img decoding=\"async\" width=\"300\" height=\"153\" src=\"https:\/\/linitiative.ca\/International\/wp-content\/uploads\/sites\/23\/2021\/08\/Chagaf-sidati-300x153-1.jpg\" class=\"attachment-medium size-medium wp-post-image\" alt=\"\" loading=\"lazy\" srcset=\"\/\/aujourdhui.ma\/wp-content\/uploads\/2021\/08\/Chagaf-sidati-300x153.jpg 300w, \/\/aujourdhui.ma\/wp-content\/uploads\/2021\/08\/Chagaf-sidati-274x140.jpg 274w, \/\/aujourdhui.ma\/wp-content\/uploads\/2021\/08\/Chagaf-sidati.jpg 746w, \/\/aujourdhui.ma\/wp-content\/uploads\/2021\/08\/Chagaf-sidati-165x84.jpg 165w, \/\/aujourdhui.ma\/wp-content\/uploads\/2021\/08\/Chagaf-sidati-702x358.jpg 702w\" sizes=\"auto, (max-width: 300px) 100vw, 300px\"><\/p>\n<p><span style=\"color: #800000;\"><strong>Chambre d\u2019artisanat de Dakhla-Oued Eddahab<\/strong><\/span><span id=\"more-384848\"><\/span><\/p>\n<p>Sidati Chaggaf, du Rassemblement National des Ind\u00e9pendants (RNI), a \u00e9t\u00e9 r\u00e9\u00e9lu, samedi \u00e0 Dakhla, pr\u00e9sident de la Chambre d\u2019artisanat de la r\u00e9gion Dakhla-Oued Eddahab. M. Chaggaf dirigera un bureau compos\u00e9 notamment d\u2019Al Hassan Souaki et Ahmed Nadif (Sans Appartenance Politique-SAP), en tant que 1er et 2\u00e8me vice-pr\u00e9sident. Le bureau de la Chambre est compos\u00e9 \u00e9galement de Mohamed Salem Bouh et de Achour Latrach du Mouvement populaire (MP), en tant que secr\u00e9taire et secr\u00e9taire-adjoint. Le parti de l\u2019Istiqlal (PI) avait occup\u00e9 la premi\u00e8re position lors des \u00e9lections de la Chambre d\u2019artisanat organis\u00e9es le 06 ao\u00fbt, en obtenant 5 si\u00e8ges sur un total de 11, suivi du MP avec 3 si\u00e8ges, des SAP avec 2 si\u00e8ges et un si\u00e8ge pour le RNI<\/p>\n<\/div>\n<p>Auteur: ALM<br \/>\n<a href=\"https:\/\/aujourdhui.ma\/actualite\/sidati-chaggaf-du-rni-reelu-president\">Cliquez ici pour lire l&rsquo;article depuis sa source.<\/a><\/p>\n","protected":false},"excerpt":{"rendered":"<p>Chambre d\u2019artisanat de Dakhla-Oued Eddahab Sidati Chaggaf, du Rassemblement National des Ind\u00e9pendants (RNI), a \u00e9t\u00e9 r\u00e9\u00e9lu, samedi \u00e0 Dakhla, pr\u00e9sident de la Chambre d\u2019artisanat de la r\u00e9gion Dakhla-Oued Eddahab. M. Chaggaf dirigera un bureau compos\u00e9 notamment d\u2019Al Hassan Souaki et Ahmed Nadif (Sans Appartenance Politique-SAP), en tant que 1er et 2\u00e8me vice-pr\u00e9sident. Le bureau de [&hellip;]<\/p>\n","protected":false},"author":1759,"featured_media":0,"comment_status":"closed","ping_status":"closed","sticky":false,"template":"","format":"standard","meta":{"fifu_image_url":"https:\/\/aujourdhui.ma\/wp-content\/uploads\/2021\/08\/Chagaf-sidati-300x153.jpg","fifu_image_alt":"Sidati Chaggaf du RNI r\u00e9\u00e9lu pr\u00e9sident","footnotes":""},"categories":[73,54],"tags":[],"class_list":["post-124879","post","type-post","status-publish","format-standard","hentry","category-actualite","category-maroc"],"_links":{"self":[{"href":"https:\/\/linitiative.ca\/International\/wp-json\/wp\/v2\/posts\/124879","targetHints":{"allow":["GET"]}}],"collection":[{"href":"https:\/\/linitiative.ca\/International\/wp-json\/wp\/v2\/posts"}],"about":[{"href":"https:\/\/linitiative.ca\/International\/wp-json\/wp\/v2\/types\/post"}],"author":[{"embeddable":true,"href":"https:\/\/linitiative.ca\/International\/wp-json\/wp\/v2\/users\/1759"}],"replies":[{"embeddable":true,"href":"https:\/\/linitiative.ca\/International\/wp-json\/wp\/v2\/comments?post=124879"}],"version-history":[{"count":0,"href":"https:\/\/linitiative.ca\/International\/wp-json\/wp\/v2\/posts\/124879\/revisions"}],"wp:attachment":[{"href":"https:\/\/linitiative.ca\/International\/wp-json\/wp\/v2\/media?parent=124879"}],"wp:term":[{"taxonomy":"category","embeddable":true,"href":"https:\/\/linitiative.ca\/International\/wp-json\/wp\/v2\/categories?post=124879"},{"taxonomy":"post_tag","embeddable":true,"href":"https:\/\/linitiative.ca\/International\/wp-json\/wp\/v2\/tags?post=124879"}],"curies":[{"name":"wp","href":"https:\/\/api.w.org\/{rel}","templated":true}]}}