{"id":124881,"date":"2021-08-23T11:30:07","date_gmt":"2021-08-23T15:30:07","guid":{"rendered":"https:\/\/linitiative.ca\/International\/33-millions-de-dh-pour-un-centre-de-formation-professionnelle-a-larache\/"},"modified":"2021-08-23T11:30:07","modified_gmt":"2021-08-23T15:30:07","slug":"33-millions-de-dh-pour-un-centre-de-formation-professionnelle-a-larache","status":"publish","type":"post","link":"https:\/\/linitiative.ca\/International\/33-millions-de-dh-pour-un-centre-de-formation-professionnelle-a-larache\/","title":{"rendered":"33 millions de DH pour un Centre de formation professionnelle \u00e0 Larache"},"content":{"rendered":"<div>\n<p><img decoding=\"async\" width=\"300\" height=\"153\" src=\"https:\/\/linitiative.ca\/International\/wp-content\/uploads\/sites\/23\/2021\/08\/Larache-300x153-1.jpg\" class=\"attachment-medium size-medium wp-post-image\" alt=\"\" loading=\"lazy\" srcset=\"\/\/aujourdhui.ma\/wp-content\/uploads\/2021\/08\/Larache-300x153.jpg 300w, \/\/aujourdhui.ma\/wp-content\/uploads\/2021\/08\/Larache-274x140.jpg 274w, \/\/aujourdhui.ma\/wp-content\/uploads\/2021\/08\/Larache.jpg 746w, \/\/aujourdhui.ma\/wp-content\/uploads\/2021\/08\/Larache-165x84.jpg 165w, \/\/aujourdhui.ma\/wp-content\/uploads\/2021\/08\/Larache-702x358.jpg 702w\" sizes=\"auto, (max-width: 300px) 100vw, 300px\"><\/p>\n<p><span style=\"color: #800000;\"><strong>Afin de mieux r\u00e9pondre \u00e0 la demande du march\u00e9 de l\u2019emploi<\/strong><\/span><span id=\"more-384826\"><\/span><\/p>\n<p>A l\u2019instar des autres principales villes du Nord, Larache se dotera d\u2019un nouveau Centre de formation professionnelle sur une superficie totale de 5.000 m2. D\u2019une enveloppe budg\u00e9taire globale de 33 millions de dirhams, ce projet sera r\u00e9alis\u00e9 afin de mieux r\u00e9pondre \u00e0 la demande du march\u00e9 de l\u2019emploi. Tr\u00e8s attendues, la mise en place et la gestion du futur Centre de formation font l\u2019objet d\u2019une convention de partenariat liant l\u2019Office de la formation professionnelle et de la promotion du travail (OFPPT) aux autorit\u00e9s pr\u00e9fectorales et au Conseil r\u00e9gional de Tanger-T\u00e9touan-Al Hoceima. Les parties contractantes s\u2019engagent \u00e0 travailler ensemble pour apporter leur soutien chacun dans son domaine pour la bonne marche de ce chantier et l\u2019entr\u00e9e en service de ce nouvel \u00e9tablissement.<\/p>\n<p>Selon les donn\u00e9es relatives \u00e0 la mise en place de cette nouvelle structure, le montant budg\u00e9taire de 33 millions de dirhams sera r\u00e9parti sur la p\u00e9riode 2022-2023 pour l\u2019acquisition du foncier (un million de dirhams), la mise en chantier du projet (26 millions de dirhams) et l\u2019\u00e9quipement de ses locaux (6 millions de dirhams). Un comit\u00e9 mixte sera constitu\u00e9 des diff\u00e9rentes parties prenantes et pr\u00e9sid\u00e9 par le gouverneur de la province en vue d\u2019assurer l\u2019accompagnement et le suivi de ce chantier. Apr\u00e8s l\u2019ach\u00e8vement des travaux de construction de ce nouvel \u00e9tablissement et sa livraison, c\u2019est l\u2019OFPPT qui se chargera d\u2019en assurer la gestion, et ce selon les dispositions de ce partenariat et conform\u00e9ment aux normes en vigueur au sein du dispositif de formation professionnelle.<\/p>\n<p>Ainsi, l\u2019Office s\u2019engage \u00e0 approvisionner en ressources humaines n\u00e9cessaires pour la formation et l\u2019encadrement au sein de cette nouvelle structure. Il se chargea de doter le futur centre de formation de Larache en \u00e9quipements gr\u00e2ce au soutien financier apport\u00e9 par le CR-TTA pour la r\u00e9alisation de ce projet. L\u2019OFPPT a pour mission de s\u00e9lectionner les stagiaires et de remettre des dipl\u00f4mes aux laur\u00e9ats du futur centre de formation professionnelle. Notons que dans le cadre de d\u00e9veloppement des infrastructures de formation, le Nord conna\u00eetra, en plus de ce centre de Larache, la cr\u00e9ation des \u00e9tablissements de formation professionnelle dans ses autres pr\u00e9fectures et provinces. Parmi lesquels, il y a lieu de citer celui d\u2019Ouezzane. D\u2019un investissement global de 34,7 millions de dirhams, ce projet permet de r\u00e9pondre aux ambitions des jeunes et d\u2019accompagner le d\u00e9veloppement du partenariat dans la r\u00e9gion et en particulier cette province.<\/p>\n<p>Il s\u2019agit \u00e9galement de la cr\u00e9ation de centres dans les provinces d\u2019Al Hoceima et Chefcheaouen ainsi que les pr\u00e9fectures de Tanger-Asilah et Mdiq-Fnideq, qui font ensemble l\u2019objet d\u2019une convention de partenariat entre les d\u00e9partements institutionnels et des conseils \u00e9lus concern\u00e9s. L\u2019objectif \u00e9tant de renforcer les infrastructures de formation professionnelle dans le Nord.<\/p>\n<\/div>\n<p>Auteur: Najat Fa\u00efssal<br \/>\n<a href=\"https:\/\/aujourdhui.ma\/economie\/33-millions-de-dh-pour-un-centre-de-formation-professionnelle-a-larache\">Cliquez ici pour lire l&rsquo;article depuis sa source.<\/a><\/p>\n","protected":false},"excerpt":{"rendered":"<p>Afin de mieux r\u00e9pondre \u00e0 la demande du march\u00e9 de l\u2019emploi A l\u2019instar des autres principales villes du Nord, Larache se dotera d\u2019un nouveau Centre de formation professionnelle sur une superficie totale de 5.000 m2. D\u2019une enveloppe budg\u00e9taire globale de 33 millions de dirhams, ce projet sera r\u00e9alis\u00e9 afin de mieux r\u00e9pondre \u00e0 la demande [&hellip;]<\/p>\n","protected":false},"author":1759,"featured_media":0,"comment_status":"closed","ping_status":"closed","sticky":false,"template":"","format":"standard","meta":{"fifu_image_url":"https:\/\/aujourdhui.ma\/wp-content\/uploads\/2021\/08\/Larache-300x153.jpg","fifu_image_alt":"33 millions de DH pour un Centre de formation professionnelle \u00e0 Larache","footnotes":""},"categories":[73,54],"tags":[],"class_list":["post-124881","post","type-post","status-publish","format-standard","hentry","category-actualite","category-maroc"],"_links":{"self":[{"href":"https:\/\/linitiative.ca\/International\/wp-json\/wp\/v2\/posts\/124881","targetHints":{"allow":["GET"]}}],"collection":[{"href":"https:\/\/linitiative.ca\/International\/wp-json\/wp\/v2\/posts"}],"about":[{"href":"https:\/\/linitiative.ca\/International\/wp-json\/wp\/v2\/types\/post"}],"author":[{"embeddable":true,"href":"https:\/\/linitiative.ca\/International\/wp-json\/wp\/v2\/users\/1759"}],"replies":[{"embeddable":true,"href":"https:\/\/linitiative.ca\/International\/wp-json\/wp\/v2\/comments?post=124881"}],"version-history":[{"count":0,"href":"https:\/\/linitiative.ca\/International\/wp-json\/wp\/v2\/posts\/124881\/revisions"}],"wp:attachment":[{"href":"https:\/\/linitiative.ca\/International\/wp-json\/wp\/v2\/media?parent=124881"}],"wp:term":[{"taxonomy":"category","embeddable":true,"href":"https:\/\/linitiative.ca\/International\/wp-json\/wp\/v2\/categories?post=124881"},{"taxonomy":"post_tag","embeddable":true,"href":"https:\/\/linitiative.ca\/International\/wp-json\/wp\/v2\/tags?post=124881"}],"curies":[{"name":"wp","href":"https:\/\/api.w.org\/{rel}","templated":true}]}}