{"id":124883,"date":"2021-08-23T07:00:00","date_gmt":"2021-08-23T11:00:00","guid":{"rendered":"https:\/\/linitiative.ca\/International\/linternaute-dannaba-place-en-garde-a-vue\/"},"modified":"2021-08-23T07:00:00","modified_gmt":"2021-08-23T11:00:00","slug":"linternaute-dannaba-place-en-garde-a-vue","status":"publish","type":"post","link":"https:\/\/linitiative.ca\/International\/linternaute-dannaba-place-en-garde-a-vue\/","title":{"rendered":"L\u2019internaute d\u2019Annaba plac\u00e9 en garde \u00e0 vue"},"content":{"rendered":"<div>Convoqu\u00e9 hier  par la s\u00fbret\u00e9  de  wilaya  d\u2019Annaba, l\u2019auteur de la vid\u00e9o partag\u00e9e \u00e0 travers les r\u00e9seaux sociaux appelant \u00e0 la haine raciale et \u00e0 la violence apr\u00e8s le meurtre abject dont a \u00e9t\u00e9 victime Djamel Bensma\u00efl &#8230;<\/div>\n<p>Auteur:<br \/>\n<a href=\"https:\/\/www.liberte-algerie.com\/actualite\/linternaute-dannaba-place-en-garde-a-vue-363779\">Cliquez ici pour lire l&rsquo;article depuis sa source.<\/a><\/p>\n","protected":false},"excerpt":{"rendered":"<p>Convoqu\u00e9 hier par la s\u00fbret\u00e9 de wilaya d\u2019Annaba, l\u2019auteur de la vid\u00e9o partag\u00e9e \u00e0 travers les r\u00e9seaux sociaux appelant \u00e0 la haine raciale et \u00e0 la violence apr\u00e8s le meurtre abject dont a \u00e9t\u00e9 victime Djamel Bensma\u00efl &#8230; Auteur: Cliquez ici pour lire l&rsquo;article depuis sa source.<\/p>\n","protected":false},"author":1742,"featured_media":0,"comment_status":"closed","ping_status":"closed","sticky":false,"template":"","format":"standard","meta":{"fifu_image_url":"","fifu_image_alt":"","footnotes":""},"categories":[73,53],"tags":[],"class_list":["post-124883","post","type-post","status-publish","format-standard","hentry","category-actualite","category-algerie"],"_links":{"self":[{"href":"https:\/\/linitiative.ca\/International\/wp-json\/wp\/v2\/posts\/124883","targetHints":{"allow":["GET"]}}],"collection":[{"href":"https:\/\/linitiative.ca\/International\/wp-json\/wp\/v2\/posts"}],"about":[{"href":"https:\/\/linitiative.ca\/International\/wp-json\/wp\/v2\/types\/post"}],"author":[{"embeddable":true,"href":"https:\/\/linitiative.ca\/International\/wp-json\/wp\/v2\/users\/1742"}],"replies":[{"embeddable":true,"href":"https:\/\/linitiative.ca\/International\/wp-json\/wp\/v2\/comments?post=124883"}],"version-history":[{"count":0,"href":"https:\/\/linitiative.ca\/International\/wp-json\/wp\/v2\/posts\/124883\/revisions"}],"wp:attachment":[{"href":"https:\/\/linitiative.ca\/International\/wp-json\/wp\/v2\/media?parent=124883"}],"wp:term":[{"taxonomy":"category","embeddable":true,"href":"https:\/\/linitiative.ca\/International\/wp-json\/wp\/v2\/categories?post=124883"},{"taxonomy":"post_tag","embeddable":true,"href":"https:\/\/linitiative.ca\/International\/wp-json\/wp\/v2\/tags?post=124883"}],"curies":[{"name":"wp","href":"https:\/\/api.w.org\/{rel}","templated":true}]}}