{"id":124887,"date":"2021-08-23T10:00:00","date_gmt":"2021-08-23T14:00:00","guid":{"rendered":"https:\/\/linitiative.ca\/International\/92-mis-en-cause-presentes-devant-le-tribunal-de-sidi-mhamed\/"},"modified":"2021-08-23T10:00:00","modified_gmt":"2021-08-23T14:00:00","slug":"92-mis-en-cause-presentes-devant-le-tribunal-de-sidi-mhamed","status":"publish","type":"post","link":"https:\/\/linitiative.ca\/International\/92-mis-en-cause-presentes-devant-le-tribunal-de-sidi-mhamed\/","title":{"rendered":"92 mis en cause pr\u00e9sent\u00e9s devant le tribunal de Sidi M\u2019hamed"},"content":{"rendered":"<div>Les mis en cause dans l&rsquo;assassinat du jeune  Djamel Bensmain \u00e0 Larba\u00e2 Nath Irathen (Tizi Ouzou) ont \u00e9t\u00e9 pr\u00e9sent\u00e9s lundi devant le procureur de la R\u00e9publique pr\u00e8s le tribunal de Sidi M&rsquo;hamed \u00e0  Alger.<\/div>\n<p>Auteur:<br \/>\n<a href=\"https:\/\/www.liberte-algerie.com\/actualite\/92-mis-en-cause-presentes-devant-le-tribunal-de-sidi-mhamed-363798\">Cliquez ici pour lire l&rsquo;article depuis sa source.<\/a><\/p>\n","protected":false},"excerpt":{"rendered":"<p>Les mis en cause dans l&rsquo;assassinat du jeune Djamel Bensmain \u00e0 Larba\u00e2 Nath Irathen (Tizi Ouzou) ont \u00e9t\u00e9 pr\u00e9sent\u00e9s lundi devant le procureur de la R\u00e9publique pr\u00e8s le tribunal de Sidi M&rsquo;hamed \u00e0 Alger. Auteur: Cliquez ici pour lire l&rsquo;article depuis sa source.<\/p>\n","protected":false},"author":1742,"featured_media":0,"comment_status":"closed","ping_status":"closed","sticky":false,"template":"","format":"standard","meta":{"fifu_image_url":"","fifu_image_alt":"","footnotes":""},"categories":[73,53],"tags":[],"class_list":["post-124887","post","type-post","status-publish","format-standard","hentry","category-actualite","category-algerie"],"_links":{"self":[{"href":"https:\/\/linitiative.ca\/International\/wp-json\/wp\/v2\/posts\/124887","targetHints":{"allow":["GET"]}}],"collection":[{"href":"https:\/\/linitiative.ca\/International\/wp-json\/wp\/v2\/posts"}],"about":[{"href":"https:\/\/linitiative.ca\/International\/wp-json\/wp\/v2\/types\/post"}],"author":[{"embeddable":true,"href":"https:\/\/linitiative.ca\/International\/wp-json\/wp\/v2\/users\/1742"}],"replies":[{"embeddable":true,"href":"https:\/\/linitiative.ca\/International\/wp-json\/wp\/v2\/comments?post=124887"}],"version-history":[{"count":0,"href":"https:\/\/linitiative.ca\/International\/wp-json\/wp\/v2\/posts\/124887\/revisions"}],"wp:attachment":[{"href":"https:\/\/linitiative.ca\/International\/wp-json\/wp\/v2\/media?parent=124887"}],"wp:term":[{"taxonomy":"category","embeddable":true,"href":"https:\/\/linitiative.ca\/International\/wp-json\/wp\/v2\/categories?post=124887"},{"taxonomy":"post_tag","embeddable":true,"href":"https:\/\/linitiative.ca\/International\/wp-json\/wp\/v2\/tags?post=124887"}],"curies":[{"name":"wp","href":"https:\/\/api.w.org\/{rel}","templated":true}]}}