{"id":124892,"date":"2021-08-23T12:01:34","date_gmt":"2021-08-23T16:01:34","guid":{"rendered":"https:\/\/linitiative.ca\/International\/covid-19-letat-durgence-sanitaire-prolonge-jusquau-31-octobre\/"},"modified":"2021-08-23T12:01:34","modified_gmt":"2021-08-23T16:01:34","slug":"covid-19-letat-durgence-sanitaire-prolonge-jusquau-31-octobre","status":"publish","type":"post","link":"https:\/\/linitiative.ca\/International\/covid-19-letat-durgence-sanitaire-prolonge-jusquau-31-octobre\/","title":{"rendered":"Covid-19: L\u2019\u00e9tat d\u2019urgence sanitaire prolong\u00e9 jusqu\u2019au 31 octobre"},"content":{"rendered":"<div>\n<div style=\"margin-bottom:20px;\"><img loading=\"lazy\" decoding=\"async\" width=\"504\" height=\"300\" src=\"https:\/\/linitiative.ca\/International\/wp-content\/uploads\/sites\/23\/2021\/08\/police-1-504x300-504x300-1-504x300-1.jpg\" class=\"attachment-post-thumbnail size-post-thumbnail wp-post-image\" alt=\"\" srcset=\"https:\/\/linitiative.ca\/International\/wp-content\/uploads\/sites\/23\/2021\/08\/police-1-504x300-504x300-1-504x300-1.jpg 504w, http:\/\/www.mapmarrakech.ma\/map\/uploads\/2021\/08\/police-1-504x300-504x300-1-504x300-300x179.jpg 300w\" sizes=\"auto, (max-width: 504px) 100vw, 504px\"><\/div>\n<p>Ainsi, le Conseil a approuv\u00e9 le projet de d\u00e9cret\u00a0n\u00b02.21.643\u00a0modifiant le d\u00e9cret n\u00b02.21.507 relatif \u00e0 la prorogation de la dur\u00e9e d\u2019effet de l\u2019\u00e9tat d\u2019urgence sanitaire sur l\u2019ensemble du territoire national pour faire face \u00e0 la propagation du nouveau coronavirus, a indiqu\u00e9 un communiqu\u00e9 publi\u00e9 \u00e0 l\u2019issue du Conseil tenu\u00a0en visioconf\u00e9rence.<\/p>\n<p>\u00ab\u00a0Dans un souci des pouvoirs publics de continuer \u00e0 assurer l\u2019efficacit\u00e9 et l\u2019efficience des mesures et dispositions prises pour faire face \u00e0 la propagation de la pand\u00e9mie de la Covid-19, ce projet de d\u00e9cret vise \u00e0 prolonger la date d\u2019effet de l\u2019\u00e9tat d\u2019urgence sanitaire sur l\u2019ensemble du territoire national jusqu\u2019au dimanche 31 octobre 2021 \u00e0 18:00 heures\u00a0\u00bb, a ajout\u00e9 le communiqu\u00e9.<\/p>\n<p>The post <a rel=\"nofollow\" href=\"http:\/\/www.mapmarrakech.ma\/fr\/covid-19-letat-durgence-prolonge-jusquau-31-octobre\/\">Covid-19: L\u2019\u00e9tat d\u2019urgence sanitaire prolong\u00e9 jusqu\u2019au 31 octobre<\/a> appeared first on <a rel=\"nofollow\" href=\"http:\/\/www.mapmarrakech.ma\/fr\">MapMarrakech<\/a>.<\/p>\n<\/div>\n<p>Auteur: Mohammed KOURSI<br \/>\n<a href=\"http:\/\/www.mapmarrakech.ma\/fr\/covid-19-letat-durgence-prolonge-jusquau-31-octobre\/\">Cliquez ici pour lire l&rsquo;article depuis sa source.<\/a><\/p>\n","protected":false},"excerpt":{"rendered":"<p>Ainsi, le Conseil a approuv\u00e9 le projet de d\u00e9cret\u00a0n\u00b02.21.643\u00a0modifiant le d\u00e9cret n\u00b02.21.507 relatif \u00e0 la prorogation de la dur\u00e9e d\u2019effet de l\u2019\u00e9tat d\u2019urgence sanitaire sur l\u2019ensemble du territoire national pour faire face \u00e0 la propagation du nouveau coronavirus, a indiqu\u00e9 un communiqu\u00e9 publi\u00e9 \u00e0 l\u2019issue du Conseil tenu\u00a0en visioconf\u00e9rence. \u00ab\u00a0Dans un souci des pouvoirs publics [&hellip;]<\/p>\n","protected":false},"author":1788,"featured_media":0,"comment_status":"closed","ping_status":"closed","sticky":false,"template":"","format":"standard","meta":{"fifu_image_url":"http:\/\/www.mapmarrakech.ma\/map\/uploads\/2021\/08\/police-1-504x300-504x300-1-504x300.jpg","fifu_image_alt":"Covid-19: L\u2019\u00e9tat d\u2019urgence sanitaire prolong\u00e9 jusqu\u2019au 31 octobre","footnotes":""},"categories":[54,76],"tags":[],"class_list":["post-124892","post","type-post","status-publish","format-standard","hentry","category-maroc","category-regions"],"_links":{"self":[{"href":"https:\/\/linitiative.ca\/International\/wp-json\/wp\/v2\/posts\/124892","targetHints":{"allow":["GET"]}}],"collection":[{"href":"https:\/\/linitiative.ca\/International\/wp-json\/wp\/v2\/posts"}],"about":[{"href":"https:\/\/linitiative.ca\/International\/wp-json\/wp\/v2\/types\/post"}],"author":[{"embeddable":true,"href":"https:\/\/linitiative.ca\/International\/wp-json\/wp\/v2\/users\/1788"}],"replies":[{"embeddable":true,"href":"https:\/\/linitiative.ca\/International\/wp-json\/wp\/v2\/comments?post=124892"}],"version-history":[{"count":0,"href":"https:\/\/linitiative.ca\/International\/wp-json\/wp\/v2\/posts\/124892\/revisions"}],"wp:attachment":[{"href":"https:\/\/linitiative.ca\/International\/wp-json\/wp\/v2\/media?parent=124892"}],"wp:term":[{"taxonomy":"category","embeddable":true,"href":"https:\/\/linitiative.ca\/International\/wp-json\/wp\/v2\/categories?post=124892"},{"taxonomy":"post_tag","embeddable":true,"href":"https:\/\/linitiative.ca\/International\/wp-json\/wp\/v2\/tags?post=124892"}],"curies":[{"name":"wp","href":"https:\/\/api.w.org\/{rel}","templated":true}]}}